{"id":38028,"date":"2021-11-18T12:50:14","date_gmt":"2021-11-18T18:50:14","guid":{"rendered":"http:\/\/www.inter-accion.com.mx\/?p=38028"},"modified":"2021-11-18T12:50:14","modified_gmt":"2021-11-18T18:50:14","slug":"38028","status":"publish","type":"post","link":"https:\/\/www.interaccionnoticias.com.mx\/?p=38028","title":{"rendered":"Vicepresidente del comit\u00e9 contra desapariciones forzadas de la ONU visita la Normal de Ayotzinapa"},"content":{"rendered":"\n<p><strong><em>&#8211; Padres de los 43 piden que se trabaje en el esclarecimiento de los hechos<\/em><\/strong><\/p>\n\n\n\n<p><strong>Jes\u00fas Dorantes<\/strong><\/p>\n\n\n\n<p><strong>Chilpancingo, Gro.-<\/strong> El vicepresidente del Comit\u00e9 contra las Desapariciones Forzadas de la Organizaci\u00f3n de la Naciones Unidas (ONU) Horacio Ravenna acudi\u00f3 a las instalaciones de la Normal Rural Ra\u00fal de Ayotzinapa, como parte de su recorrido por M\u00e9xico.<\/p>\n\n\n\n<p>Pasadas las 10:00 horas del jueves, Horacio Ravenna arrib\u00f3 a la escuela ubicada en el municipio de Tixtla, acompa\u00f1ado de tres representantes m\u00e1s de la ONU, d\u00f3nde fueron recibidos por alumnos y los padres de los 43 normalistas desaparecidos en Iguala.<\/p>\n\n\n\n<p>En su intervenci\u00f3n, Joaquina Garc\u00eda, integrante del colectivo \u00abNos Faltan 43\u00bb solicitaron a los visitadores su ayuda para poder intervenir en el caso de la desaparici\u00f3n de sus hijos, ya que llevan siete a\u00f1os viviendo en la escuela de Ayotzinapa, lejos de sus familias, sin tener una respuesta de las autoridades sobre el paradero de los j\u00f3venes.<\/p>\n\n\n\n<p>Por su parte, los estudiantes de ayotzinapa pidieron a los integrantes de la ONU que escucharan a las peticiones de los padres, que son las voces de sus 43 hermanos que no han regresado a casa.<\/p>\n\n\n\n<p>Luego de culminar el evento de bienvenida, comenz\u00f3 una reuni\u00f3n privada dentro de la escuela, en la que particip\u00f3 el abogado Vidulfo Rosales Sierra.<\/p>\n","protected":false},"excerpt":{"rendered":"<p>&#8211; Padres de los 43 piden que se trabaje en el esclarecimiento de los hechos Jes\u00fas Dorantes Chilpancingo, Gro.- El vicepresidente del Comit\u00e9 contra las Desapariciones Forzadas de la Organizaci\u00f3n&hellip; <\/p>\n","protected":false},"author":1,"featured_media":38025,"comment_status":"open","ping_status":"open","sticky":false,"template":"","format":"standard","meta":{"fifu_image_url":"","fifu_image_alt":"","footnotes":""},"categories":[15],"tags":[],"class_list":["post-38028","post","type-post","status-publish","format-standard","has-post-thumbnail","hentry","category-movimientos-sociales"],"_links":{"self":[{"href":"https:\/\/www.interaccionnoticias.com.mx\/index.php?rest_route=\/wp\/v2\/posts\/38028","targetHints":{"allow":["GET"]}}],"collection":[{"href":"https:\/\/www.interaccionnoticias.com.mx\/index.php?rest_route=\/wp\/v2\/posts"}],"about":[{"href":"https:\/\/www.interaccionnoticias.com.mx\/index.php?rest_route=\/wp\/v2\/types\/post"}],"author":[{"embeddable":true,"href":"https:\/\/www.interaccionnoticias.com.mx\/index.php?rest_route=\/wp\/v2\/users\/1"}],"replies":[{"embeddable":true,"href":"https:\/\/www.interaccionnoticias.com.mx\/index.php?rest_route=%2Fwp%2Fv2%2Fcomments&post=38028"}],"version-history":[{"count":0,"href":"https:\/\/www.interaccionnoticias.com.mx\/index.php?rest_route=\/wp\/v2\/posts\/38028\/revisions"}],"wp:featuredmedia":[{"embeddable":true,"href":"https:\/\/www.interaccionnoticias.com.mx\/index.php?rest_route=\/wp\/v2\/media\/38025"}],"wp:attachment":[{"href":"https:\/\/www.interaccionnoticias.com.mx\/index.php?rest_route=%2Fwp%2Fv2%2Fmedia&parent=38028"}],"wp:term":[{"taxonomy":"category","embeddable":true,"href":"https:\/\/www.interaccionnoticias.com.mx\/index.php?rest_route=%2Fwp%2Fv2%2Fcategories&post=38028"},{"taxonomy":"post_tag","embeddable":true,"href":"https:\/\/www.interaccionnoticias.com.mx\/index.php?rest_route=%2Fwp%2Fv2%2Ftags&post=38028"}],"curies":[{"name":"wp","href":"https:\/\/api.w.org\/{rel}","templated":true}]}}