{"id":38018,"date":"2021-11-17T21:33:52","date_gmt":"2021-11-18T03:33:52","guid":{"rendered":"http:\/\/www.inter-accion.com.mx\/?p=38018"},"modified":"2021-11-17T21:33:52","modified_gmt":"2021-11-18T03:33:52","slug":"38018","status":"publish","type":"post","link":"https:\/\/www.interaccionnoticias.com.mx\/?p=38018","title":{"rendered":"Se han vacunado un mill\u00f3n 600 mil guerrerenses sin reacciones secundarias"},"content":{"rendered":"\n<p><strong>Rosario Garc\u00eda Orozco<\/strong><\/p>\n\n\n\n<p><strong>Chilpancingo, Gro., noviembre 17 de 2021.-<\/strong> Hasta el momento se han vacunado un mill\u00f3n 600 mil guerrerenses sin que se registren incidencias ni reacciones secundarias, asegur\u00f3 el delegado de los programas federales, Iv\u00e1n Hern\u00e1ndez D\u00edaz.<\/p>\n\n\n\n<p>El funcionario federal confirm\u00f3 que habr\u00e1 una segunda jornada de aplicaci\u00f3n de vacunas contra Covid-19 para personas \u201crezagadas\u201d, por lo que pidi\u00f3 a la sociedad en general estar atentos a la convocatoria.<\/p>\n\n\n\n<p>Insisti\u00f3 en la convocatoria para que todos los guerrerenses de los m\u00e1rgenes de edad que ya fueron aprobados que acudan a recibir la vacuna, ya sea primera o segunda dosis, pues hasta el momento son 1 mill\u00f3n 600 mil los guerrerenses inmunizados sin incidencias ni reacciones secundarias.<\/p>\n\n\n\n<p>Lament\u00f3 que a pesar de que Guerrero fue uno de los primeros estados en empezar con la aplicaci\u00f3n de la vacuna contra el Covid 19, ahora es de los que m\u00e1s rezagados registra.<\/p>\n\n\n\n<p>Dijo que de los 2.5 millones de guerrerenses mayores de 18 a\u00f1os, solo el 70 por ciento acept\u00f3 vacunarse y el 30 por ciento la rechaza, principalmente en las regiones Monta\u00f1a y Costa Chica, a diferencia de Acapulco, Costa Chica y Centro, en donde se registraron mayor afluencia.<\/p>\n\n\n\n<p>Finalmente, confirm\u00f3 que el gobierno federal ya autoriz\u00f3 la vacunaci\u00f3n contra el Covid-19 para adolescentes de 15 a 17 a\u00f1os de edad, y en la p\u00e1gina de internet ya est\u00e1 disponible el registro para ese grupo de edad.<\/p>\n","protected":false},"excerpt":{"rendered":"<p>Rosario Garc\u00eda Orozco Chilpancingo, Gro., noviembre 17 de 2021.- Hasta el momento se han vacunado un mill\u00f3n 600 mil guerrerenses sin que se registren incidencias ni reacciones secundarias, asegur\u00f3 el&hellip; <\/p>\n","protected":false},"author":1,"featured_media":38010,"comment_status":"open","ping_status":"open","sticky":false,"template":"","format":"standard","meta":{"fifu_image_url":"","fifu_image_alt":"","footnotes":""},"categories":[3],"tags":[],"class_list":["post-38018","post","type-post","status-publish","format-standard","has-post-thumbnail","hentry","category-covid-19"],"_links":{"self":[{"href":"https:\/\/www.interaccionnoticias.com.mx\/index.php?rest_route=\/wp\/v2\/posts\/38018","targetHints":{"allow":["GET"]}}],"collection":[{"href":"https:\/\/www.interaccionnoticias.com.mx\/index.php?rest_route=\/wp\/v2\/posts"}],"about":[{"href":"https:\/\/www.interaccionnoticias.com.mx\/index.php?rest_route=\/wp\/v2\/types\/post"}],"author":[{"embeddable":true,"href":"https:\/\/www.interaccionnoticias.com.mx\/index.php?rest_route=\/wp\/v2\/users\/1"}],"replies":[{"embeddable":true,"href":"https:\/\/www.interaccionnoticias.com.mx\/index.php?rest_route=%2Fwp%2Fv2%2Fcomments&post=38018"}],"version-history":[{"count":0,"href":"https:\/\/www.interaccionnoticias.com.mx\/index.php?rest_route=\/wp\/v2\/posts\/38018\/revisions"}],"wp:featuredmedia":[{"embeddable":true,"href":"https:\/\/www.interaccionnoticias.com.mx\/index.php?rest_route=\/wp\/v2\/media\/38010"}],"wp:attachment":[{"href":"https:\/\/www.interaccionnoticias.com.mx\/index.php?rest_route=%2Fwp%2Fv2%2Fmedia&parent=38018"}],"wp:term":[{"taxonomy":"category","embeddable":true,"href":"https:\/\/www.interaccionnoticias.com.mx\/index.php?rest_route=%2Fwp%2Fv2%2Fcategories&post=38018"},{"taxonomy":"post_tag","embeddable":true,"href":"https:\/\/www.interaccionnoticias.com.mx\/index.php?rest_route=%2Fwp%2Fv2%2Ftags&post=38018"}],"curies":[{"name":"wp","href":"https:\/\/api.w.org\/{rel}","templated":true}]}}