{"id":3800,"date":"2017-04-25T22:59:10","date_gmt":"2017-04-26T03:59:10","guid":{"rendered":"http:\/\/www.inter-accion.com.mx\/?p=3800"},"modified":"2017-04-25T22:59:10","modified_gmt":"2017-04-26T03:59:10","slug":"urvan-sufre-dos-incidentes-sospechosos-en-menos-de-seis-meses","status":"publish","type":"post","link":"https:\/\/www.interaccionnoticias.com.mx\/?p=3800","title":{"rendered":"Urvan sufre dos incidentes sospechosos en menos de seis meses"},"content":{"rendered":"<p>SNI, Chilpancingo, 25 de abril de 2017.- Una urvan de la colonia del PRI, fue consumida por fuego en la colonia Juan Ruiz de Alarc\u00f3n, despu\u00e9s de presentar un corto circuito, seg\u00fan fuentes policiacas.<br \/>\nEn noviembre del a\u00f1o pasado, la misma unidad con n\u00famero econ\u00f3mico 589, sufri\u00f3 un incidente en el cual involucr\u00f3 al chofer del veh\u00edculo, que en ese hecho fue a asesinado a balazos.<br \/>\nSeg\u00fan los testigos, la unidad comenz\u00f3 a presentar complicaciones mientras transitaba en la avenida Juan Ruiz de Alarc\u00f3n, cerca de la Escuela Secundaria Federal \u00abRaymundo Abarca Alarc\u00f3n\u00bb, cuando inici\u00f3 a incendiarse.<br \/>\nCasi al mismo tiempo fue incendiada un veh\u00edculo propiedad de la tienda Coppel, en un hecho realizado por alumnos de la Normal Rural de Ayotzinapa, en respuesta al hecho ocurrido a las afueras de la Secretar\u00eda de Gobierno, donde antimot\u00ednes replegaron a los padres de los 43 normalistas desaparecidos en Iguala en 2014.<br \/>\nLa ruta de la unidad consumida por el fuego, pertenec\u00eda a la colonia Noche Buena, misma que el primero de noviembre fue testigo de un ataque a un chofer, que fue ejecutado dentro del veh\u00edculo&nbsp; y en el mismo lugar donde incendiaron la combi.<br \/>\nElementos de Protecci\u00f3n Civil y de la Polic\u00eda Estatal se encargaron de acordonar el sitio y controlar el fuego en la unidad, de la cual no result\u00f3 ninguna persona herida.<\/p>\n","protected":false},"excerpt":{"rendered":"<p>SNI, Chilpancingo, 25 de abril de 2017.- Una urvan de la colonia del PRI, fue consumida por fuego en la colonia Juan Ruiz de Alarc\u00f3n, despu\u00e9s de presentar un corto&hellip; <\/p>\n","protected":false},"author":1,"featured_media":0,"comment_status":"open","ping_status":"open","sticky":false,"template":"","format":"standard","meta":{"fifu_image_url":"","fifu_image_alt":"","footnotes":""},"categories":[13,8],"tags":[],"class_list":["post-3800","post","type-post","status-publish","format-standard","hentry","category-capital","category-featured"],"_links":{"self":[{"href":"https:\/\/www.interaccionnoticias.com.mx\/index.php?rest_route=\/wp\/v2\/posts\/3800","targetHints":{"allow":["GET"]}}],"collection":[{"href":"https:\/\/www.interaccionnoticias.com.mx\/index.php?rest_route=\/wp\/v2\/posts"}],"about":[{"href":"https:\/\/www.interaccionnoticias.com.mx\/index.php?rest_route=\/wp\/v2\/types\/post"}],"author":[{"embeddable":true,"href":"https:\/\/www.interaccionnoticias.com.mx\/index.php?rest_route=\/wp\/v2\/users\/1"}],"replies":[{"embeddable":true,"href":"https:\/\/www.interaccionnoticias.com.mx\/index.php?rest_route=%2Fwp%2Fv2%2Fcomments&post=3800"}],"version-history":[{"count":0,"href":"https:\/\/www.interaccionnoticias.com.mx\/index.php?rest_route=\/wp\/v2\/posts\/3800\/revisions"}],"wp:attachment":[{"href":"https:\/\/www.interaccionnoticias.com.mx\/index.php?rest_route=%2Fwp%2Fv2%2Fmedia&parent=3800"}],"wp:term":[{"taxonomy":"category","embeddable":true,"href":"https:\/\/www.interaccionnoticias.com.mx\/index.php?rest_route=%2Fwp%2Fv2%2Fcategories&post=3800"},{"taxonomy":"post_tag","embeddable":true,"href":"https:\/\/www.interaccionnoticias.com.mx\/index.php?rest_route=%2Fwp%2Fv2%2Ftags&post=3800"}],"curies":[{"name":"wp","href":"https:\/\/api.w.org\/{rel}","templated":true}]}}