{"id":37890,"date":"2021-11-15T14:07:57","date_gmt":"2021-11-15T20:07:57","guid":{"rendered":"http:\/\/www.inter-accion.com.mx\/?p=37890"},"modified":"2021-11-15T14:07:57","modified_gmt":"2021-11-15T20:07:57","slug":"37890","status":"publish","type":"post","link":"https:\/\/www.interaccionnoticias.com.mx\/?p=37890","title":{"rendered":"M\u00e1s de 30 organizaciones sociales y personalidades respaldan propuesta de Vidulfo Rosales Sierra para ocupar la FGE"},"content":{"rendered":"\n<p><strong><em>&#8211; Familiares de asesinados, desaparecidos y encarcelados injustamente exigen dar un viraje a los usos que prevalecen en el \u00f3rgano encargado de perseguir los delitos en Guerrero<br>&#8211; Exigen el esclarecimiento de casos emblem\u00e1ticos, como el de Armando Chavarr\u00eda, Arturo Hern\u00e1ndez Cardona, los hermanos Miguel y Roc\u00edo Mesino, entre otros<\/em><\/strong><\/p>\n\n\n\n<p><strong>Rogelio Agust\u00edn<\/strong><\/p>\n\n\n\n<p>Hasta el momento, son m\u00e1s de 30 organizaciones sociales, as\u00ed como 40 personas que de manera personal suscriben un documento con el que se pronuncian a favor de que el pr\u00f3ximo titular de la Fiscal\u00eda General del Estado (FGE) sea Vidulfo Rosales Sierra, abogado de los padres de los 43 y miembro del Centro de Derechos Humanos de la Monta\u00f1a (CDHM).<\/p>\n\n\n\n<p>El escrito se encuentra fechado en Chilpancingo el 11 de noviembre pasado, fecha en la que inici\u00f3 el perio de inscripciones de aspirantes a ocupar la FGE ante el Congreso local.<\/p>\n\n\n\n<p>En el escrito se anota que los firmantes son organizaciones sociales, familiares de defensoras y defensores derechos humanos asesinados y desaparecidos, organizaciones sindicales, campesinas comerciantes y personalidades, incluso algunos acad\u00e9micos y sobrevivientes de lo que se conoce como Guerra Sucia de los a\u00f1os Setentas.<\/p>\n\n\n\n<p>\u201cLos suscritos luchamos por la vigencia y cumplimiento de los derechos a la alimentaci\u00f3n, vivienda, educaci\u00f3n, la tierra, territorio, agua y medio ambiente, por la verdad y la justicia. Durante d\u00e9cadas hemos padecido la criminalizaci\u00f3n a nuestra lucha, los \u00f3rganos de procuraci\u00f3n de justicia se han usado de manera facciosa para colocarnos fuera de la legalidad, implementando acciones penales para perseguirnos y encarcelarnos\u201d, se\u00f1ala el texto en su parte inicial.<\/p>\n\n\n\n<p>Contin\u00f9a: \u201cDe igual forma hemos sufrido en carne propias la falta de acceso a la justicia por los casos de nuestros familiares asesinados y desaparecidos. Las investigaciones se han dilatado, adolecen de irregularidades y en la mayor\u00eda de los casos existe impunidad\u201d.<\/p>\n\n\n\n<p>Enlistan asesinatos que todav\u00eda permanecen impunes, como los cometidos en contra de los dirigentes mixtecos Ra\u00fal Lucas Luc\u00eda y Manuel Ponce Rosas; el del presidente de la Comisi\u00f2n de Gobierno del Congreso local, Armando Chavarr\u00eda Barrera o el de los integrantes de la Organizaci\u00f2n Campesina de la Sierra del Sur (OCSS), Miguel \u00c1ngel y Roc\u00edo Messino Mesino.<\/p>\n\n\n\n<p>Tambi\u00e9n citan los asesinatos de Gabriel Echeverr\u00eda de Jes\u00fas, Jorge Alexis Herrera Pino, Arturo Hern\u00e1ndez Cardona, Luis Olivares, Ranferi Hern\u00e1ndez Acevedo y las desapariciones de Gregorio Alfonso Alvarado, Eva Alarc\u00f3n, Marcial Bautista, los 43 estudiantes de Ayotzinapa, Arnulfo Cer\u00f3n Soriano y Vicente Iv\u00e1n Su\u00e1stegui, que permanecen sin esclarecerse.<\/p>\n\n\n\n<p>\u201cA los ind\u00edgenas y campesinos nos tratan con desprecio cuando ocurrimos a los \u00f3rganos de procuraci\u00f3n de justicia, esperamos largas horas y no somos atendidos en nuestros reclamos. Los comerciantes sufrimos los estragos de la violencia de grupos criminales que nos extorsionan y amenazan a plena luz del d\u00eda sin que los \u00f3rganos de justicia hagan algo, pese a las denuncias que interponemos\u201d.<\/p>\n\n\n\n<p>Contin\u00faan con la argumentaci\u00f3n: \u201cLo dem\u00e1s nos preocupa es la violencia generada por el crimen organizado &#8211; en connivencia con autoridades &#8211; que est\u00e1 ocasionando miles de muertos y desaparecidos en nuestra entidad. Tales casos no est\u00e1n siendo investigados de manera pronta e imparcial. No se realizan b\u00fasquedas efectivas para localizar a los desaparecidos, han sido los familiares quienes se han organizado para buscar a los suyos\u201d.<\/p>\n\n\n\n<p>Para las organizaciones, es un hecho que en la Fiscal\u00eda General del Estado persiste la corrupci\u00f3n, pues varios ministerios p\u00fablicos conciben la justicia como un medio para obtener ganancias econ\u00f3micas, mientras las v\u00edctimas caminan con su dolor acuestas. Las Fiscal\u00edas regionales carecen de personal para dar atenci\u00f3n de calidad a la gente. No existen los suficientes peritos para atender diversas materias.<\/p>\n\n\n\n<p>Insisten: \u201cLos servidores p\u00fablicos dan un trato prepotente, discriminatorio e insensible a quienes acuden en b\u00fasqueda de justicia. Por ello se ha perdido confianza en la Fiscal\u00eda y la gente desiste de denunciar, produci\u00e9ndose un aumento en el ciclo de la violencia y vulneraci\u00f3n a las leyes en detrimento del ciudadano de a pie que sufre las consecuencias de la impunidad\u201d.<\/p>\n\n\n\n<p>Por esa raz\u00f3n, organizaciones y personalidades plantean que el nombramiento del pr\u00f2ximo titular de la FGE debe ser transparente y atendiendo a los principios de objetividad, imparcialidad e independencia.<\/p>\n\n\n\n<p>Se\u00f1alan que se debe privilegiar el nombramiento de una persona que conozca la materia y sepa del caminar escabroso de las v\u00edctimas que transitan en el laberinto de la justicia.<\/p>\n\n\n\n<p>Por esa raz\u00f3n es que indican, se propone a Vidulfo Rosales Sierra como pr\u00f3ximo titular de la FGE, pues sostienen que se trata de una persona de honestidad probada, con conocimientos amplios en materia penal y derechos humanos, con una trayectoria de 20 a\u00f1os de litigio en la defensa de luchadores sociales criminalizados, asesinados y desaparecidos.<\/p>\n\n\n\n<p>\u201cEs una persona con una m\u00edstica de servir a la gente, comprometido con el cumplimiento de las leyes a favor de los de abajo y con el acceso a la justicia para los que menos tienen. Estamos seguros estar\u00e1 a la altura que demandan los nuevos tiempos, su actuaci\u00f3n ser\u00e1 imparcial y no sucumbir\u00e1 a la tentaci\u00f3n del dinero y el poder que corrompe y genera injusticias\u201d; se\u00f1ala el documento de las organizaciones.<\/p>\n\n\n\n<p>Entre los casos en que se ha colocado al frente, refieren que se encuentran los litigios contra el proyecto hidroel\u00e8ctrico de \u201cLa Parota\u201d, ha defendido a integrantes de la Organizaci\u00f3n del Pueblo Ind\u00edgena Me\u2019ph\u00e1\u00e1 (OPIM), logr\u00f3 que las ind\u00edgenas Valentina Rosendo Cant\u00fa e In\u00e9s Fern\u00e1ndez Ortega obtuviesen justicia, adem\u00e0s de que dio seguimiento al caso del defensor Arnulfo Cer\u00f3n Soriano, que ya presenta importantes avances.<\/p>\n\n\n\n<p><strong>Los que firman<\/strong><\/p>\n\n\n\n<p>Entre los grupos que forman el escrito de apoyo para Vidulfo Rosales se encuentra la Organizaci\u00f3n Ind\u00edgena Campesina \u201cVicente Guerrero\u201d, la Organizaci\u00f3n Campesina de la Sierra del Sur (OCSS), el Consejo de Ejidos y Comunidades Opositores a la presa La Parota, la Asociaci\u00f3n Civil Lucio Caba\u00f1as Barrientos A.C. los Ejidatarios de Puerto Marqu\u00e9z, el Frente Obradorista de Guerrero, Turisteros Unidos en Defensa y Rescate de la Playa Icacos.<\/p>\n\n\n\n<p>Tambi\u00e9n suscriben el Frente Opositor al Muelle Icacos, el Sindicato \u00danico de Trabajadores de la CAPAMA, los Ejidatarios de la Ruta Sol, el Movimiento Popular Magisterial, la Cooperativa Costa Rica A.C, la Cooperativa Huachinango A.C, la Uni\u00f3n de Comerciantes y Art\u00edculos T\u00edpicos de Caleta a la Base Naval, la Uni\u00f3n de Vendedores de Artesan\u00edas de Playa Hornos a la Base A.C, el Grupo Ambientalista Erizo de Mar, la Uni\u00f3n de Ind\u00edgenas Radicados en Acapulco, el Sindicato de Trabajadores de Organizaciones Operadores de Agua de Estado de Guerrero, Preparatorias Populares del Estado de Guerrero, el Frente de Organizaciones Unidas (FOU), la Asociaci\u00f3n de Abogados del Pueblo, el Frente Guerrerense Magisterial y Popular \u201cPor la Transformaci\u00f3n de M\u00e9xico\u201d, el Centro Regional de Defensa de Derechos Humanos Jos\u00e9 Mar\u00eda Morelos y pav\u00f3n A. C, el Frente Popular de la Monta\u00f1a, el colectivo Ra\u00fal Trujillo Herrera, el colectivo de Desaparecidos \u00abLupita Rodr\u00edguez Narciso\u00bb, \u201cLos Olvidados de Ayotzinapa\u00bb, Promotores Cultura con perspect<br>iva de G\u00e9nero y el colectivo Familiares en B\u00fasqueda \u00abMar\u00eda Herrera\u00bb.<\/p>\n\n\n\n<p>A titulo personal aparecen Martha Idalia Obezo C\u00e1sares, viuda de Armando Chavarr\u00eda Barrera; Teresita de Jes\u00fas Garc\u00eda L\u00f3pez, Ang\u00e9lica Narv\u00e1ez P\u00e9rez y la galardonada con la presea Sentimientos de la Naci\u00f3n Mar\u00eda Luisa Garfias Mar\u00edn, Patricia Barba \u00c1vila, Luis Alfonso Mu\u00f1iz Mariano y Sof\u00eda Lorena Mendoza Mart\u00ednez, viuda de Arturo Hern\u00e0ndez Cardona, quien presuntamente fue asesinado por el ex alcalde de Iguala, Jos\u00e9 Luis Abarca Vel\u00e1zquez.<\/p>\n\n\n\n<p>Tambi\u00e9n suscriben Medardo Reyes Salinas, Pedro Moreno Reyes, Herlinda Jimon Ray\u00f3n, Eustolia Castro Ram\u00edrez, el sobreviviente de la Guerra Sucia, Nicomedes Fuentes Garc\u00eda y el ex rector de la Universidad Aut\u00f3moma de Guerrero (UAGro) Jos\u00e9 Enrique Gonz\u00e1lez Ruiz.<\/p>\n\n\n\n<p>Tambi\u00e9n firman Patricia \u00c1lvarez Casta\u00f1eda; Gutenberg Santana, Azucena Chavarr\u00eda Barrera, hermana de Armando Chavarr\u00eca, el ex consejero electoral Hegel Mariano Ramirez, Jos\u00e9 Manuel Vicente Mart\u00ednez, Atanacio Molina Agust\u00edn, V\u00edctor Hugo Garz\u00f3n Barrientos, Diana G\u00f3mez G\u00f3mez, Alfredo Ram\u00edrez Garc\u00eda, Jessica Natividad Torres Barrera, Ar\u00f3n D\u00edaz Salazar, Micaela Caba\u00f1as Ayala, hija de Lucio Caba\u00f1as, Guadalupe Bola\u00f1os Diaz, Erika Bola\u00f1os Diaz, Dominga Bola\u00f1os Diaz, Meinarda Diaz Mosso, Jos\u00e9 Bola\u00f1os Paulino, Emperatriz Basilio Goytia, Juan Hern\u00e1ndez Lozano, Mauro Hern\u00e1ndez Lozano yGema Ant\u00fanez Flores.<\/p>\n","protected":false},"excerpt":{"rendered":"<p>&#8211; Familiares de asesinados, desaparecidos y encarcelados injustamente exigen dar un viraje a los usos que prevalecen en el \u00f3rgano encargado de perseguir los delitos en Guerrero&#8211; Exigen el esclarecimiento&hellip; <\/p>\n","protected":false},"author":1,"featured_media":37891,"comment_status":"open","ping_status":"open","sticky":false,"template":"","format":"standard","meta":{"fifu_image_url":"","fifu_image_alt":"","footnotes":""},"categories":[29],"tags":[],"class_list":["post-37890","post","type-post","status-publish","format-standard","has-post-thumbnail","hentry","category-sociedad"],"_links":{"self":[{"href":"https:\/\/www.interaccionnoticias.com.mx\/index.php?rest_route=\/wp\/v2\/posts\/37890","targetHints":{"allow":["GET"]}}],"collection":[{"href":"https:\/\/www.interaccionnoticias.com.mx\/index.php?rest_route=\/wp\/v2\/posts"}],"about":[{"href":"https:\/\/www.interaccionnoticias.com.mx\/index.php?rest_route=\/wp\/v2\/types\/post"}],"author":[{"embeddable":true,"href":"https:\/\/www.interaccionnoticias.com.mx\/index.php?rest_route=\/wp\/v2\/users\/1"}],"replies":[{"embeddable":true,"href":"https:\/\/www.interaccionnoticias.com.mx\/index.php?rest_route=%2Fwp%2Fv2%2Fcomments&post=37890"}],"version-history":[{"count":0,"href":"https:\/\/www.interaccionnoticias.com.mx\/index.php?rest_route=\/wp\/v2\/posts\/37890\/revisions"}],"wp:featuredmedia":[{"embeddable":true,"href":"https:\/\/www.interaccionnoticias.com.mx\/index.php?rest_route=\/wp\/v2\/media\/37891"}],"wp:attachment":[{"href":"https:\/\/www.interaccionnoticias.com.mx\/index.php?rest_route=%2Fwp%2Fv2%2Fmedia&parent=37890"}],"wp:term":[{"taxonomy":"category","embeddable":true,"href":"https:\/\/www.interaccionnoticias.com.mx\/index.php?rest_route=%2Fwp%2Fv2%2Fcategories&post=37890"},{"taxonomy":"post_tag","embeddable":true,"href":"https:\/\/www.interaccionnoticias.com.mx\/index.php?rest_route=%2Fwp%2Fv2%2Ftags&post=37890"}],"curies":[{"name":"wp","href":"https:\/\/api.w.org\/{rel}","templated":true}]}}