{"id":37883,"date":"2021-11-14T16:40:57","date_gmt":"2021-11-14T22:40:57","guid":{"rendered":"http:\/\/www.inter-accion.com.mx\/?p=37883"},"modified":"2021-11-14T16:40:57","modified_gmt":"2021-11-14T22:40:57","slug":"37883","status":"publish","type":"post","link":"https:\/\/www.interaccionnoticias.com.mx\/?p=37883","title":{"rendered":"FGE investiga el asesinato de empleada de Seguridad P\u00fablica"},"content":{"rendered":"\n<p><em><strong>&#8211; La dependencia estatal lamenta el asesinato a balazos cometido en agravio de Elba \u201cN\u201d, la ma\u00f1ana del s\u00e1bado<\/strong><\/em><\/p>\n\n\n\n<p><strong>Rogelio Agust\u00edn<\/strong><\/p>\n\n\n\n<p>La Fiscal\u00eda General del Estado (FGE) investiga el asesinato de una empleada administrativa de la Secretar\u00eda de Seguridad P\u00fablica (SSP) del Gobierno de Guerrero, crimen que se registr\u00f3 en la capital del estado.<\/p>\n\n\n\n<p>La noche del 13 de noviembre, la FGE emiti\u00f3 un comunicado en el que informa del inicio de la investigaci\u00f3n en torno al crimen cometido en contra de la se\u00f1ora Alba \u201cN\u201d, quien fue asesinada a balazos en el fraccionamiento Vicente Guerrero, ubicado en la parte sur de la capital.<\/p>\n\n\n\n<p>La mujer de 65 a\u00f1os de edad se en contra sin vida cuando al domicilio acudieron elementos de la Polic\u00eda del Estado, por lo que se dio parte a la FGE y al personal del Servicio M\u00e9dico Forense (Semefo).<\/p>\n\n\n\n<p>La FGE indic\u00f3 que el ex concubino de la v\u00edctima inform\u00f3 que se hab\u00edan reunido la noche del viernes en casa de un familiar, regresaron al domicilio de la colonia Vicente Guerrero y que \u00e9l sali\u00f3 aproximadamente a las 08:10 horas, regres\u00f3 despu\u00e9s de las 09, cuando le avisaron que la se\u00f1ora Alba hab\u00eda sido atacadas.<\/p>\n\n\n\n<p>La SSP inform\u00f3 confirm\u00f3 que la v\u00edctima mortal era trabajadora administrativa de dicha dependencia y lament\u00f3 el hecho.<\/p>\n\n\n\n<p>En el documento se indica que la SSP se encuentra pendiente de las investigaciones que realice la Fiscal\u00eda de Guerrero, tambi\u00e9n se\u00f1al\u00f3 que la Subsecretar\u00eda de Administraci\u00f3n y Desarrollo Humano le ha dado todo el respaldo que ha necesitado la familia, en el proceso de duelo que enfrentan.<\/p>\n","protected":false},"excerpt":{"rendered":"<p>&#8211; La dependencia estatal lamenta el asesinato a balazos cometido en agravio de Elba \u201cN\u201d, la ma\u00f1ana del s\u00e1bado Rogelio Agust\u00edn La Fiscal\u00eda General del Estado (FGE) investiga el asesinato&hellip; <\/p>\n","protected":false},"author":1,"featured_media":37872,"comment_status":"open","ping_status":"open","sticky":false,"template":"","format":"standard","meta":{"fifu_image_url":"","fifu_image_alt":"","footnotes":""},"categories":[27],"tags":[],"class_list":["post-37883","post","type-post","status-publish","format-standard","has-post-thumbnail","hentry","category-seguridad-publica"],"_links":{"self":[{"href":"https:\/\/www.interaccionnoticias.com.mx\/index.php?rest_route=\/wp\/v2\/posts\/37883","targetHints":{"allow":["GET"]}}],"collection":[{"href":"https:\/\/www.interaccionnoticias.com.mx\/index.php?rest_route=\/wp\/v2\/posts"}],"about":[{"href":"https:\/\/www.interaccionnoticias.com.mx\/index.php?rest_route=\/wp\/v2\/types\/post"}],"author":[{"embeddable":true,"href":"https:\/\/www.interaccionnoticias.com.mx\/index.php?rest_route=\/wp\/v2\/users\/1"}],"replies":[{"embeddable":true,"href":"https:\/\/www.interaccionnoticias.com.mx\/index.php?rest_route=%2Fwp%2Fv2%2Fcomments&post=37883"}],"version-history":[{"count":0,"href":"https:\/\/www.interaccionnoticias.com.mx\/index.php?rest_route=\/wp\/v2\/posts\/37883\/revisions"}],"wp:featuredmedia":[{"embeddable":true,"href":"https:\/\/www.interaccionnoticias.com.mx\/index.php?rest_route=\/wp\/v2\/media\/37872"}],"wp:attachment":[{"href":"https:\/\/www.interaccionnoticias.com.mx\/index.php?rest_route=%2Fwp%2Fv2%2Fmedia&parent=37883"}],"wp:term":[{"taxonomy":"category","embeddable":true,"href":"https:\/\/www.interaccionnoticias.com.mx\/index.php?rest_route=%2Fwp%2Fv2%2Fcategories&post=37883"},{"taxonomy":"post_tag","embeddable":true,"href":"https:\/\/www.interaccionnoticias.com.mx\/index.php?rest_route=%2Fwp%2Fv2%2Ftags&post=37883"}],"curies":[{"name":"wp","href":"https:\/\/api.w.org\/{rel}","templated":true}]}}