{"id":37880,"date":"2021-11-14T16:38:05","date_gmt":"2021-11-14T22:38:05","guid":{"rendered":"http:\/\/www.inter-accion.com.mx\/?p=37880"},"modified":"2021-11-14T16:38:05","modified_gmt":"2021-11-14T22:38:05","slug":"37880","status":"publish","type":"post","link":"https:\/\/www.interaccionnoticias.com.mx\/?p=37880","title":{"rendered":"Revienta el Consejo Estatal de Morena, van por tercera convocatoria"},"content":{"rendered":"\n<p><em><strong>&#8211; El pr\u00f3ximo 21 de noviembre se volver\u00e1n a reunir los consejeros del partido para nombrar dirigente<\/strong><\/em><\/p>\n\n\n\n<p><strong>Rogelio Agust\u00edn<\/strong><\/p>\n\n\n\n<p>El Consejo Estatal de Morena no complet\u00f3 el quorum que necesitaba para sesionar formalmente y nombrar los espacios que permanec\u00edan vacantes en el Consejo Estatal del partido, por lo que se convocar\u00e1 en tercera ocasi\u00f3n.<\/p>\n\n\n\n<p>El \u00f3rgano que se encuentra presidido por el exdiputado local Luis Enrique R\u00edos Saucedo debi\u00f3 instalarse el mediod\u00eda del domingo 14 de noviembre, sin embargo, de 44 integrantes que se necesitaban para instalarse formalmente solo llegaron 36.<\/p>\n\n\n\n<p>Bajo dicha circunstancia, el presidente determin\u00f3 suspender los trabajos y lanzar una nueva convocatoria, que qued\u00f3 establecida para el pr\u00f3ximo domingo 21 de noviembre.<\/p>\n\n\n\n<p>De acuerdo con Sergio Montes Carrillo, ex representante de Morena ante los \u00f3rganos electorales, en la tercera convocatoria, el Consejo puede sesionar con los integrantes que lleguen.<\/p>\n\n\n\n<p>En consecuencia, manifest\u00f3 que se debe ir al \u00faltimo recurso para nombrar a un nuevo presidente del Comit\u00e9 Ejecutivo Estatal (CEE), de tal manera que se notifique al Comit\u00e9 Ejecutivo Nacional (CEN) que ya debe retirar a su delegado, que en este caso es Cuauht\u00e9moc Ney Catal\u00e1n.<\/p>\n\n\n\n<p>El exdiputado federal, Rub\u00e9n Cayetano Garc\u00eda lament\u00f3 que no se haya permitido regresar a la institucionalidad en la vida interna de Morena, por lo que anticip\u00f3 que estar\u00e1 presente en la pr\u00f3xima convocatoria, sin que ello implique que tome parte de alguno de los grupos que se encuentran en pugna.<\/p>\n\n\n\n<p>Lament\u00f3 hubiera consejeros que solo llamaran para saber si ya se hab\u00eda conseguido el quorum legal, lo que implica una falta de responsabilidad y compromiso con la democracia interna.<\/p>\n","protected":false},"excerpt":{"rendered":"<p>&#8211; El pr\u00f3ximo 21 de noviembre se volver\u00e1n a reunir los consejeros del partido para nombrar dirigente Rogelio Agust\u00edn El Consejo Estatal de Morena no complet\u00f3 el quorum que necesitaba&hellip; <\/p>\n","protected":false},"author":1,"featured_media":37873,"comment_status":"open","ping_status":"open","sticky":false,"template":"","format":"standard","meta":{"fifu_image_url":"","fifu_image_alt":"","footnotes":""},"categories":[18],"tags":[],"class_list":["post-37880","post","type-post","status-publish","format-standard","has-post-thumbnail","hentry","category-partidos-politicos"],"_links":{"self":[{"href":"https:\/\/www.interaccionnoticias.com.mx\/index.php?rest_route=\/wp\/v2\/posts\/37880","targetHints":{"allow":["GET"]}}],"collection":[{"href":"https:\/\/www.interaccionnoticias.com.mx\/index.php?rest_route=\/wp\/v2\/posts"}],"about":[{"href":"https:\/\/www.interaccionnoticias.com.mx\/index.php?rest_route=\/wp\/v2\/types\/post"}],"author":[{"embeddable":true,"href":"https:\/\/www.interaccionnoticias.com.mx\/index.php?rest_route=\/wp\/v2\/users\/1"}],"replies":[{"embeddable":true,"href":"https:\/\/www.interaccionnoticias.com.mx\/index.php?rest_route=%2Fwp%2Fv2%2Fcomments&post=37880"}],"version-history":[{"count":0,"href":"https:\/\/www.interaccionnoticias.com.mx\/index.php?rest_route=\/wp\/v2\/posts\/37880\/revisions"}],"wp:featuredmedia":[{"embeddable":true,"href":"https:\/\/www.interaccionnoticias.com.mx\/index.php?rest_route=\/wp\/v2\/media\/37873"}],"wp:attachment":[{"href":"https:\/\/www.interaccionnoticias.com.mx\/index.php?rest_route=%2Fwp%2Fv2%2Fmedia&parent=37880"}],"wp:term":[{"taxonomy":"category","embeddable":true,"href":"https:\/\/www.interaccionnoticias.com.mx\/index.php?rest_route=%2Fwp%2Fv2%2Fcategories&post=37880"},{"taxonomy":"post_tag","embeddable":true,"href":"https:\/\/www.interaccionnoticias.com.mx\/index.php?rest_route=%2Fwp%2Fv2%2Ftags&post=37880"}],"curies":[{"name":"wp","href":"https:\/\/api.w.org\/{rel}","templated":true}]}}