{"id":37811,"date":"2021-11-11T12:44:07","date_gmt":"2021-11-11T18:44:07","guid":{"rendered":"http:\/\/www.inter-accion.com.mx\/?p=37811"},"modified":"2021-11-11T12:44:07","modified_gmt":"2021-11-11T18:44:07","slug":"37811","status":"publish","type":"post","link":"https:\/\/www.interaccionnoticias.com.mx\/?p=37811","title":{"rendered":"Piden al Congreso la designaci\u00f3n de un presidente municipal interino"},"content":{"rendered":"\n<p><em><strong>&#8211; Advierten que ya no dejar\u00e1n regresar a la alcaldesa Selene Sotelo, quien permanece fuera del municipio<\/strong><\/em><\/p>\n\n\n\n<p><strong>Vianey Ponce<\/strong><\/p>\n\n\n\n<p>Representantes del sistema ind\u00edgena, Tlayakanki de Xalpatlahuac solicitaron al Gobierno del estado y al Congreso local su intervenci\u00f3n para la designaci\u00f3n de un presidente municipal interino, pues se\u00f1alaron que desde hoy, mediante una asamblea, el pueblo desconoci\u00f3 a la alcaldesa Selene Sotelo Maldonado.<\/p>\n\n\n\n<p>Mediante un documento dirigido a la Junta de Coordinaci\u00f3n Pol\u00edtica (JUCOPO), los representantes entregaron al Congreso el acta de desconocimiento levantada el 10 de noviembre del presente a\u00f1o.<\/p>\n\n\n\n<p>Los miembros y ex principales de este esquema de representaci\u00f3n indigena, descartaron que se trate de un asunto de violencia pol\u00edtica de g\u00e9nero; pues precisaron que las diferencias con la autoridad municipal comenzaron a partir de la intenci\u00f3n de desaparecer al Tlayakanki e impedirles trabajar desde la sede del ayuntamiento.<\/p>\n\n\n\n<p>Desde el pasado 25 de octubre, la alcaldesa inform\u00f3 que despachar\u00eda en una sede alterna, luego de que tuviera que salir de la cabecera tras una confrontaci\u00f3n con la Polic\u00eda Comunitaria de Xalpatlahuac, en la que denunci\u00f3 que fue agredida.<\/p>\n\n\n\n<p>Al respecto, los promoventes de su destitucion descartaron que en Xalpatlahuac se haya alterado el orden, manifestaron que a Selene Sotelo ya no le permitir\u00e1n volver a la cabecera a ejercer su autoridad municipal, pues su salida del municipio fue un hecho anticonstitucional.<\/p>\n","protected":false},"excerpt":{"rendered":"<p>&#8211; Advierten que ya no dejar\u00e1n regresar a la alcaldesa Selene Sotelo, quien permanece fuera del municipio Vianey Ponce Representantes del sistema ind\u00edgena, Tlayakanki de Xalpatlahuac solicitaron al Gobierno del&hellip; <\/p>\n","protected":false},"author":1,"featured_media":37812,"comment_status":"open","ping_status":"open","sticky":false,"template":"","format":"standard","meta":{"fifu_image_url":"","fifu_image_alt":"","footnotes":""},"categories":[2],"tags":[],"class_list":["post-37811","post","type-post","status-publish","format-standard","has-post-thumbnail","hentry","category-congreso"],"_links":{"self":[{"href":"https:\/\/www.interaccionnoticias.com.mx\/index.php?rest_route=\/wp\/v2\/posts\/37811","targetHints":{"allow":["GET"]}}],"collection":[{"href":"https:\/\/www.interaccionnoticias.com.mx\/index.php?rest_route=\/wp\/v2\/posts"}],"about":[{"href":"https:\/\/www.interaccionnoticias.com.mx\/index.php?rest_route=\/wp\/v2\/types\/post"}],"author":[{"embeddable":true,"href":"https:\/\/www.interaccionnoticias.com.mx\/index.php?rest_route=\/wp\/v2\/users\/1"}],"replies":[{"embeddable":true,"href":"https:\/\/www.interaccionnoticias.com.mx\/index.php?rest_route=%2Fwp%2Fv2%2Fcomments&post=37811"}],"version-history":[{"count":0,"href":"https:\/\/www.interaccionnoticias.com.mx\/index.php?rest_route=\/wp\/v2\/posts\/37811\/revisions"}],"wp:featuredmedia":[{"embeddable":true,"href":"https:\/\/www.interaccionnoticias.com.mx\/index.php?rest_route=\/wp\/v2\/media\/37812"}],"wp:attachment":[{"href":"https:\/\/www.interaccionnoticias.com.mx\/index.php?rest_route=%2Fwp%2Fv2%2Fmedia&parent=37811"}],"wp:term":[{"taxonomy":"category","embeddable":true,"href":"https:\/\/www.interaccionnoticias.com.mx\/index.php?rest_route=%2Fwp%2Fv2%2Fcategories&post=37811"},{"taxonomy":"post_tag","embeddable":true,"href":"https:\/\/www.interaccionnoticias.com.mx\/index.php?rest_route=%2Fwp%2Fv2%2Ftags&post=37811"}],"curies":[{"name":"wp","href":"https:\/\/api.w.org\/{rel}","templated":true}]}}