{"id":37798,"date":"2021-11-10T19:38:46","date_gmt":"2021-11-11T01:38:46","guid":{"rendered":"http:\/\/www.inter-accion.com.mx\/?p=37798"},"modified":"2021-11-10T19:38:46","modified_gmt":"2021-11-11T01:38:46","slug":"37798","status":"publish","type":"post","link":"https:\/\/www.interaccionnoticias.com.mx\/?p=37798","title":{"rendered":"Cuauht\u00e9moc Ney presume nombramiento, R\u00edos Saucedo convoca nuevamente al Consejo Estatal de Morena"},"content":{"rendered":"\n<p><strong><em>&#8211; El Delegado con funciones del presidente, presume fotograf\u00eda con el dirigente nacional, Mario Delgado Carrillo<br>&#8211; R\u00edos Saucedo se\u00f1ala que en esta ocasi\u00f3n, el Consejo Estatal sesionar\u00e1 de manera presencial y permitir\u00e1 nombrar a los espacios vacantes en el Comit\u00e9 Ejecutivo Estatal<\/em><\/strong><\/p>\n\n\n\n<p><strong>Vianey Ponce<\/strong><\/p>\n\n\n\n<p>Mientras el contador Cuauht\u00e9moc Ney Catal\u00e1n ya se ostenta como delegado del Comit\u00e9 Ejecutivo Nacional (CEN) con funciones de presidente de Morena en Guerrero, el presidente del Consejo, Luis Enrique R\u00edos Saucedo anticip\u00f3 que convocar\u00e1 nuevamente a dicho \u00f3rgano para sesionar de manera presencial el domingo 14 de noviembre, con la intenci\u00f3n de seleccionar estatutariamente a los nuevos integrantes de la dirigencia estatal.<\/p>\n\n\n\n<p>La tarde del mi\u00e9rcoles 10 de noviembre, Ney Catal\u00e1n difundi\u00f3 en sus redes sociales una fotograf\u00eda en la que aparece al lado del dirigente nacional de Morena, Mario Delgado Carrillo.<\/p>\n\n\n\n<p>En la imagen ambos sostienen el nombramiento otorgado a Ney Catal\u00e1n, en donde se le designa como delegado del Comit\u00e9 Nacional con funciones del Presidente del Comit\u00e9 Ejecutivo Estatal de Morena.<\/p>\n\n\n\n<p>\u201cA seguir trabajando\u201d, se\u00f1ala el contador, mandando el mensaje de que la coyuntura de definici\u00f3n para dicho partido en Guerrero ya est\u00e1 superada.<\/p>\n\n\n\n<p>Sin embargo, el presidente del Consejo Estatal, Luis Enrique R\u00edos Saucedo sostiene que todav\u00eda se puede convocar a sesi\u00f3n extraordinaria para dicho domingo, cuidando que ahora s\u00ed se tenga el quorum legal para seleccionar a los dirigentes que se encuentran pendientes.<\/p>\n\n\n\n<p>R\u00edos Saucedo lament\u00f3 que el CEN busque llevar al terreno de la justicia partidaria una diferencia con un \u00f3rgano legal y leg\u00edtimo, como es el Consejo que \u00e9l preside.<\/p>\n\n\n\n<p>Sin embargo, confi\u00f3 que una vez que se logre la sesi\u00f3n extraordinaria, el \u00f3rgano nacional acepte los acuerdos una vez definidos, los que estar\u00e1n amparados en los estatutos del partido.<\/p>\n\n\n\n<p>Detall\u00f3 que si bien el CEN puede poner delegados, el Consejo Estatal tiene las facultades de definir a los titulares o hacer sustituciones de la presidencia y Secretarios del CEE.<\/p>\n\n\n\n<p>R\u00edos Saucedo refiri\u00f3 que con esto el Consejo Estatal est\u00e1 en la ruta de recuperar su papel conductor al interior de Morena Guerrero.<\/p>\n\n\n\n<p>El pasado domingo 7 de noviembre el presidente del Consejo Estatal convoc\u00f3 a sesi\u00f3n extraordinaria virtual para abordar el tema de las vacantes en el CEE, sin embargo, no se pudo desarrollar por falta de qu\u00f3rum, pues solo asistieron 33 de los 90 consejeros registrados.<\/p>\n\n\n\n<p>Para el martes 9 de noviembre, ya se hab\u00eda dado a conocer en redes sociales el oficio por el cual el dirigente nacional de Morena otorgaba el nombramiento de delegado a Ney Catal\u00e1n, quien fue coordinador de campa\u00f1a del senador F\u00e9lix Salgado Macedonio durante su candidatura a la gubernatura.<\/p>\n\n\n\n<p>Pese a ello, Enrique R\u00edos Saucedo manifest\u00f3 que tal nombramiento \u00abpodr\u00eda durar solo algunos d\u00edas o semanas hasta que el Consejo Estatal reunamos qu\u00f3rum y nombremos a un verdadero presidente o presidenta y a las secretar\u00edas vacantes\u00bb.<\/p>\n","protected":false},"excerpt":{"rendered":"<p>&#8211; El Delegado con funciones del presidente, presume fotograf\u00eda con el dirigente nacional, Mario Delgado Carrillo&#8211; R\u00edos Saucedo se\u00f1ala que en esta ocasi\u00f3n, el Consejo Estatal sesionar\u00e1 de manera presencial&hellip; <\/p>\n","protected":false},"author":1,"featured_media":37791,"comment_status":"open","ping_status":"open","sticky":false,"template":"","format":"standard","meta":{"fifu_image_url":"","fifu_image_alt":"","footnotes":""},"categories":[18],"tags":[],"class_list":["post-37798","post","type-post","status-publish","format-standard","has-post-thumbnail","hentry","category-partidos-politicos"],"_links":{"self":[{"href":"https:\/\/www.interaccionnoticias.com.mx\/index.php?rest_route=\/wp\/v2\/posts\/37798","targetHints":{"allow":["GET"]}}],"collection":[{"href":"https:\/\/www.interaccionnoticias.com.mx\/index.php?rest_route=\/wp\/v2\/posts"}],"about":[{"href":"https:\/\/www.interaccionnoticias.com.mx\/index.php?rest_route=\/wp\/v2\/types\/post"}],"author":[{"embeddable":true,"href":"https:\/\/www.interaccionnoticias.com.mx\/index.php?rest_route=\/wp\/v2\/users\/1"}],"replies":[{"embeddable":true,"href":"https:\/\/www.interaccionnoticias.com.mx\/index.php?rest_route=%2Fwp%2Fv2%2Fcomments&post=37798"}],"version-history":[{"count":0,"href":"https:\/\/www.interaccionnoticias.com.mx\/index.php?rest_route=\/wp\/v2\/posts\/37798\/revisions"}],"wp:featuredmedia":[{"embeddable":true,"href":"https:\/\/www.interaccionnoticias.com.mx\/index.php?rest_route=\/wp\/v2\/media\/37791"}],"wp:attachment":[{"href":"https:\/\/www.interaccionnoticias.com.mx\/index.php?rest_route=%2Fwp%2Fv2%2Fmedia&parent=37798"}],"wp:term":[{"taxonomy":"category","embeddable":true,"href":"https:\/\/www.interaccionnoticias.com.mx\/index.php?rest_route=%2Fwp%2Fv2%2Fcategories&post=37798"},{"taxonomy":"post_tag","embeddable":true,"href":"https:\/\/www.interaccionnoticias.com.mx\/index.php?rest_route=%2Fwp%2Fv2%2Ftags&post=37798"}],"curies":[{"name":"wp","href":"https:\/\/api.w.org\/{rel}","templated":true}]}}