{"id":37795,"date":"2021-11-10T19:34:25","date_gmt":"2021-11-11T01:34:25","guid":{"rendered":"http:\/\/www.inter-accion.com.mx\/?p=37795"},"modified":"2021-11-10T19:34:25","modified_gmt":"2021-11-11T01:34:25","slug":"37795","status":"publish","type":"post","link":"https:\/\/www.interaccionnoticias.com.mx\/?p=37795","title":{"rendered":"Rescatan a tres pescadores de Acapulco"},"content":{"rendered":"\n<p><strong><em>&#8211; Estuvieron a la deriva 48 horas<br>&#8211; Activaron la alerta y fueron rescatados por la Semar<\/em><\/strong><\/p>\n\n\n\n<p><strong>Javier Trujillo<\/strong><\/p>\n\n\n\n<p><strong>Acapulco, Gro.- <\/strong>Tres pescadores fueron rescatados, tras permanecer a la deriva por casi 48 horas, por efectivos de la Secretar\u00eda de Marina, Armada de M\u00e9xico y personal de la Estaci\u00f3n Naval de B\u00fasqueda, Rescate y Vigilancia Mar\u00edtima (ENSAR) de Acapulco, adscrita a la Octava Regi\u00f3n Naval.<br><br>Los tres pescadores se encontraban a bordo de una embarcaci\u00f3n menor que qued\u00f3 al garete\u00a0desde el pasado ocho de noviembre, en la costa de Guerrero.<br><br>Las acciones de rescate se efectuaron tras recibir una llamada de las autoridades de la Direcci\u00f3n de Pesca y Acuacultura del Estado de Guerrero, informando que la embarcaci\u00f3n pesquera \u201cFais\u00e1n\u201d hab\u00eda activado su sistema de radio baliza para emergencia (EPIRB), por haber presentado una falla en su motor y encontrase sin propulsi\u00f3n.<br><br>Por tal motivo, de inmediato zarp\u00f3 una embarcaci\u00f3n tipo Defender con personal naval abordo para efectuar su b\u00fasqueda, logrando la localizaci\u00f3n de los tres pescadores aproximadamente a 22 millas n\u00e1uticas, unos 40.7 kil\u00f3metros, al Suroeste de la bah\u00eda de Acapulco, Guerrero.\u00a0<br><br>Acto seguido, la unidad mar\u00edtima de rescate de la Armada de M\u00e9xico efectu\u00f3 el remolque de la embarcaci\u00f3n y el traslado de los tres pescadores de 47, 27 y 18 a\u00f1os de edad al muelle de la Octava Regi\u00f3n Naval, donde personal de sanidad naval les realiz\u00f3 la valoraci\u00f3n m\u00e9dicamente correspondiente.<br><br>En este sentido, cabe recordar a la comunidad pesquera la importancia de que las embarcaciones cuenten con el sistema de emergencia de radio correspondiente, lo que permite agilizar las labores de b\u00fasqueda, localizaci\u00f3n y rescate ante una emergencia en la mar.\u00a0<br><br>En tanto, el personal de la Armada de M\u00e9xico se mantiene alerta las 24 horas del d\u00eda para la salvaguarda de la vida humana en la mar.<\/p>\n","protected":false},"excerpt":{"rendered":"<p>&#8211; Estuvieron a la deriva 48 horas&#8211; Activaron la alerta y fueron rescatados por la Semar Javier Trujillo Acapulco, Gro.- Tres pescadores fueron rescatados, tras permanecer a la deriva por&hellip; <\/p>\n","protected":false},"author":1,"featured_media":37792,"comment_status":"open","ping_status":"open","sticky":false,"template":"","format":"standard","meta":{"fifu_image_url":"","fifu_image_alt":"","footnotes":""},"categories":[27],"tags":[],"class_list":["post-37795","post","type-post","status-publish","format-standard","has-post-thumbnail","hentry","category-seguridad-publica"],"_links":{"self":[{"href":"https:\/\/www.interaccionnoticias.com.mx\/index.php?rest_route=\/wp\/v2\/posts\/37795","targetHints":{"allow":["GET"]}}],"collection":[{"href":"https:\/\/www.interaccionnoticias.com.mx\/index.php?rest_route=\/wp\/v2\/posts"}],"about":[{"href":"https:\/\/www.interaccionnoticias.com.mx\/index.php?rest_route=\/wp\/v2\/types\/post"}],"author":[{"embeddable":true,"href":"https:\/\/www.interaccionnoticias.com.mx\/index.php?rest_route=\/wp\/v2\/users\/1"}],"replies":[{"embeddable":true,"href":"https:\/\/www.interaccionnoticias.com.mx\/index.php?rest_route=%2Fwp%2Fv2%2Fcomments&post=37795"}],"version-history":[{"count":0,"href":"https:\/\/www.interaccionnoticias.com.mx\/index.php?rest_route=\/wp\/v2\/posts\/37795\/revisions"}],"wp:featuredmedia":[{"embeddable":true,"href":"https:\/\/www.interaccionnoticias.com.mx\/index.php?rest_route=\/wp\/v2\/media\/37792"}],"wp:attachment":[{"href":"https:\/\/www.interaccionnoticias.com.mx\/index.php?rest_route=%2Fwp%2Fv2%2Fmedia&parent=37795"}],"wp:term":[{"taxonomy":"category","embeddable":true,"href":"https:\/\/www.interaccionnoticias.com.mx\/index.php?rest_route=%2Fwp%2Fv2%2Fcategories&post=37795"},{"taxonomy":"post_tag","embeddable":true,"href":"https:\/\/www.interaccionnoticias.com.mx\/index.php?rest_route=%2Fwp%2Fv2%2Ftags&post=37795"}],"curies":[{"name":"wp","href":"https:\/\/api.w.org\/{rel}","templated":true}]}}