{"id":37786,"date":"2021-11-10T18:55:56","date_gmt":"2021-11-11T00:55:56","guid":{"rendered":"http:\/\/www.inter-accion.com.mx\/?p=37786"},"modified":"2021-11-10T18:55:56","modified_gmt":"2021-11-11T00:55:56","slug":"37786","status":"publish","type":"post","link":"https:\/\/www.interaccionnoticias.com.mx\/?p=37786","title":{"rendered":"TEE anula elecci\u00f3n de comisarios en Tecpan de Galeana, por no apegarse a la convocatoria"},"content":{"rendered":"\n<p><strong><em>&#8211; La elecci\u00f3n del comisario de la comunidad de San Pedro fue una votaci\u00f3n a mano alzada de tan s\u00f3lo 40 personas, informa el \u00f3rgano jurisdiccional<\/em><\/strong><\/p>\n\n\n\n<p><strong>Vianey Ponce <\/strong><\/p>\n\n\n\n<p>El pleno del Tribunal Electoral del Estado (TEE) declar\u00f3 inv\u00e1lida la elecci\u00f3n de comisario en la comunidad de San Luis San Pedro, municipio de Tecp\u00e1n de Galeana, por no apegarse a las disposiciones iniciales de la convocatoria, pues la votaci\u00f3n en urna fue sustituida por votaci\u00f3n a mano alzada, contando con solo 40 ciudadanos de un total de mil 666 empadronados.<\/p>\n\n\n\n<p>En consecuencia, se dej\u00f3 sin efecto el acta de la asamblea de la jornada electiva, as\u00ed como la declaratoria del nombramiento que result\u00f3 de dicho proceso electoral.<\/p>\n\n\n\n<p>El proyecto de resoluci\u00f3n del Juicio Electoral Ciudadano, fue promovido por los ciudadanos Calixto Ram\u00edrez Vargas y Guillermo Sotelo Raviela, entre otros inconformes con lo que se\u00f1alaron, se trata de una simulaci\u00f3n impulsada por un grupo muy peque\u00f1o de habitantes de la comunidad.<\/p>\n\n\n\n<p>El dictamen se aprob\u00f3 de forma un\u00e1nime y se orden\u00f3 al Instituto Electoral y de Participaci\u00f3n Ciudadana (IEPCGro), as\u00ed como al ayuntamiento de Tecp\u00e1n de Galeana, hacer lo conducente para dar cumplimiento a la sentencia del tribunal.<\/p>\n\n\n\n<p>En su octag\u00e9sima sesi\u00f3n p\u00fablica de resoluci\u00f3n, celebrada este 10 de noviembre, el TEE determin\u00f3 que el cabildo responsable del desarrollo del proceso electoral estaba obligado a observar paso a paso las bases que previamente aprob\u00f3 para el desarrollo de la elecci\u00f3n de comisar\u00edas, pero al no hacerlo se vulner\u00f3 el principio de legalidad y certeza jur\u00eddica, en perjuicio del derecho pol\u00edtico electoral al voto libre e informado de la ciudadan\u00eda.<\/p>\n\n\n\n<p>En la lectura del proyecto se detalla lo siguiente: \u201cEn el acta de la jornada electiva se precis\u00f3 que la elecci\u00f3n se realiz\u00f3 a mano alzada de conformidad con sus usos y costumbres\u201d; sin embargo, el tribunal confirm\u00f3 que tal forma de elecci\u00f3n no estaba contemplada en la convocatoria pues de acuerdo a la ley org\u00e1nica de los municipios del estado, esta forma de elegir a las autoridades comunitarias est\u00e1 reservada para las comunidades ind\u00edgenas\u201d.<\/p>\n\n\n\n<p>Lo anterior concluyeron los magistrados que queda reforzado cuando la ley 701 en su art\u00edculo quinto no reconoce legalmente a Tecpan de Galeana como un municipio ind\u00edgena, lo cual se obtiene cuando al menos el 40% de su poblaci\u00f3n tiene esta caracter\u00edstica.<\/p>\n\n\n\n<p>Otra raz\u00f3n expuesta en el TEE, fue en el sentido de la desproporci\u00f3n entre el n\u00famero de votantes en la elecci\u00f3n de comisarios con el n\u00famero de quienes emitieron su voto en las elecciones para ayuntamientos del 6 de junio en ese municipio.<\/p>\n\n\n\n<p>Se precis\u00f3: \u201cResulta poco cre\u00edble que en una comunidad que, de acuerdo a datos del programa de c\u00f3mputos distritales del 2021 en la pasada jornada electoral para elegir a los integrantes de los ayuntamientos para el municipio referido, acudieron a votar un total de mil 666 personas y ahora solo hayan votado 40 ciudadanos y ciudadanas para elegir a los integrantes de la comisaria\u201d.<\/p>\n\n\n\n<p>Continua: \u201cY m\u00e1s incre\u00edble es que el acta de la jornada electiva se advierta no haber existido abstenciones ni votos en contra\u201d. Adem\u00e1s de que no existen documentos que permitan saber su hubo certeza de que las personas que levantaron la mano para emitir su voto cumplieran con los requisitos para participar en el ejercicio, como exhibir su credencial de elector y que el domicilio de estas correspondieran al de la elecci\u00f3n.<\/p>\n","protected":false},"excerpt":{"rendered":"<p>&#8211; La elecci\u00f3n del comisario de la comunidad de San Pedro fue una votaci\u00f3n a mano alzada de tan s\u00f3lo 40 personas, informa el \u00f3rgano jurisdiccional Vianey Ponce El pleno&hellip; <\/p>\n","protected":false},"author":1,"featured_media":37780,"comment_status":"open","ping_status":"open","sticky":false,"template":"","format":"standard","meta":{"fifu_image_url":"","fifu_image_alt":"","footnotes":""},"categories":[17],"tags":[],"class_list":["post-37786","post","type-post","status-publish","format-standard","has-post-thumbnail","hentry","category-organos-electorales"],"_links":{"self":[{"href":"https:\/\/www.interaccionnoticias.com.mx\/index.php?rest_route=\/wp\/v2\/posts\/37786","targetHints":{"allow":["GET"]}}],"collection":[{"href":"https:\/\/www.interaccionnoticias.com.mx\/index.php?rest_route=\/wp\/v2\/posts"}],"about":[{"href":"https:\/\/www.interaccionnoticias.com.mx\/index.php?rest_route=\/wp\/v2\/types\/post"}],"author":[{"embeddable":true,"href":"https:\/\/www.interaccionnoticias.com.mx\/index.php?rest_route=\/wp\/v2\/users\/1"}],"replies":[{"embeddable":true,"href":"https:\/\/www.interaccionnoticias.com.mx\/index.php?rest_route=%2Fwp%2Fv2%2Fcomments&post=37786"}],"version-history":[{"count":0,"href":"https:\/\/www.interaccionnoticias.com.mx\/index.php?rest_route=\/wp\/v2\/posts\/37786\/revisions"}],"wp:featuredmedia":[{"embeddable":true,"href":"https:\/\/www.interaccionnoticias.com.mx\/index.php?rest_route=\/wp\/v2\/media\/37780"}],"wp:attachment":[{"href":"https:\/\/www.interaccionnoticias.com.mx\/index.php?rest_route=%2Fwp%2Fv2%2Fmedia&parent=37786"}],"wp:term":[{"taxonomy":"category","embeddable":true,"href":"https:\/\/www.interaccionnoticias.com.mx\/index.php?rest_route=%2Fwp%2Fv2%2Fcategories&post=37786"},{"taxonomy":"post_tag","embeddable":true,"href":"https:\/\/www.interaccionnoticias.com.mx\/index.php?rest_route=%2Fwp%2Fv2%2Ftags&post=37786"}],"curies":[{"name":"wp","href":"https:\/\/api.w.org\/{rel}","templated":true}]}}