{"id":37783,"date":"2021-11-10T18:28:57","date_gmt":"2021-11-11T00:28:57","guid":{"rendered":"http:\/\/www.inter-accion.com.mx\/?p=37783"},"modified":"2021-11-10T18:28:57","modified_gmt":"2021-11-11T00:28:57","slug":"37783","status":"publish","type":"post","link":"https:\/\/www.interaccionnoticias.com.mx\/?p=37783","title":{"rendered":"El Congreso tambi\u00e9n \u201cva con todo\u201d contra la venta de ni\u00f1as para matrimonios forzados"},"content":{"rendered":"\n<p><strong><em>&#8211; Ninguna autoridad puede amparar dicha pr\u00e1ctica, se\u00f1ala Alfredo S\u00e1nchez Esquivel<\/em><\/strong><\/p>\n\n\n\n<p><strong>Rogelio Agust\u00edn<\/strong><\/p>\n\n\n\n<p>El presidente de la Junta de Coordinaci\u00f3n Pol\u00edtica (Jucopo) del Congreso local, Alfredo S\u00e1nchez Esquivel se sum\u00f3 a los esfuerzos que desde el Gobierno de Guerrero, organizaciones sociales y autoridades comunitarias impulsan contra la venta de ni\u00f1as para matrimonios forzados.<\/p>\n\n\n\n<p>En Chilpancingo, S\u00e1nchez Esquivel manifest\u00f3 que se encuentra completamente a favor del planteamiento hecho por la gobernadora del estado, Evelyn Salgado Pineda, en el sentido de ir \u201ccon todo\u201d en contra de la pr\u00e1ctica que todav\u00eda prevalece en algunos puntos de la regi\u00f3n Monta\u00f1a.<\/p>\n\n\n\n<p>\u201cNosotros no vamos en ning\u00fan momento a solapar a ninguna autoridad, ya sea de tipo ind\u00edgena o civil, de cualquier modalidad que pretenda preservar ese tipo de pr\u00e1cticas escud\u00e1ndose en los usos y costumbres\u201d, se\u00f1al\u00f3.<\/p>\n\n\n\n<p>Indic\u00f3 que dentro de las facultades que tiene el Poder Legislativo de Guerrero, siempre va a manifestar su repudio ante ese tipo de situaciones.<\/p>\n\n\n\n<p>De lo que se trata, indic\u00f3, es que ante un acto tan cruel en contra de las mujeres y las ni\u00f1as, lo que se tiene que hacer es aplicar la ley.<\/p>\n\n\n\n<p>\u201cUna menor de edad no puede casarse con una persona mayor de 18 a\u00f1os, estamos en ese supuesto y no pensamos cambiar, nos sumamos a todo esfuerzo que vaya encaminado a la erradicaci\u00f3n de dicha pr\u00e1ctica\u201d, anot\u00f3.<\/p>\n","protected":false},"excerpt":{"rendered":"<p>&#8211; Ninguna autoridad puede amparar dicha pr\u00e1ctica, se\u00f1ala Alfredo S\u00e1nchez Esquivel Rogelio Agust\u00edn El presidente de la Junta de Coordinaci\u00f3n Pol\u00edtica (Jucopo) del Congreso local, Alfredo S\u00e1nchez Esquivel se sum\u00f3&hellip; <\/p>\n","protected":false},"author":1,"featured_media":37779,"comment_status":"open","ping_status":"open","sticky":false,"template":"","format":"standard","meta":{"fifu_image_url":"","fifu_image_alt":"","footnotes":""},"categories":[2],"tags":[],"class_list":["post-37783","post","type-post","status-publish","format-standard","has-post-thumbnail","hentry","category-congreso"],"_links":{"self":[{"href":"https:\/\/www.interaccionnoticias.com.mx\/index.php?rest_route=\/wp\/v2\/posts\/37783","targetHints":{"allow":["GET"]}}],"collection":[{"href":"https:\/\/www.interaccionnoticias.com.mx\/index.php?rest_route=\/wp\/v2\/posts"}],"about":[{"href":"https:\/\/www.interaccionnoticias.com.mx\/index.php?rest_route=\/wp\/v2\/types\/post"}],"author":[{"embeddable":true,"href":"https:\/\/www.interaccionnoticias.com.mx\/index.php?rest_route=\/wp\/v2\/users\/1"}],"replies":[{"embeddable":true,"href":"https:\/\/www.interaccionnoticias.com.mx\/index.php?rest_route=%2Fwp%2Fv2%2Fcomments&post=37783"}],"version-history":[{"count":0,"href":"https:\/\/www.interaccionnoticias.com.mx\/index.php?rest_route=\/wp\/v2\/posts\/37783\/revisions"}],"wp:featuredmedia":[{"embeddable":true,"href":"https:\/\/www.interaccionnoticias.com.mx\/index.php?rest_route=\/wp\/v2\/media\/37779"}],"wp:attachment":[{"href":"https:\/\/www.interaccionnoticias.com.mx\/index.php?rest_route=%2Fwp%2Fv2%2Fmedia&parent=37783"}],"wp:term":[{"taxonomy":"category","embeddable":true,"href":"https:\/\/www.interaccionnoticias.com.mx\/index.php?rest_route=%2Fwp%2Fv2%2Fcategories&post=37783"},{"taxonomy":"post_tag","embeddable":true,"href":"https:\/\/www.interaccionnoticias.com.mx\/index.php?rest_route=%2Fwp%2Fv2%2Ftags&post=37783"}],"curies":[{"name":"wp","href":"https:\/\/api.w.org\/{rel}","templated":true}]}}