{"id":37769,"date":"2021-11-09T20:23:42","date_gmt":"2021-11-10T02:23:42","guid":{"rendered":"http:\/\/www.inter-accion.com.mx\/?p=37769"},"modified":"2021-11-09T20:23:42","modified_gmt":"2021-11-10T02:23:42","slug":"37769","status":"publish","type":"post","link":"https:\/\/www.interaccionnoticias.com.mx\/?p=37769","title":{"rendered":"Normalistas de Ayotzinapa vetan a Ram\u00f3n Almonte como aspirante a la FGE"},"content":{"rendered":"\n<p><strong><em>&#8211; Recuerdan que fue secretario de Seguridad P\u00fablica con Angel Aguirre, cuando se registr\u00f3 el asesinato de dos de sus compa\u00f1eros<\/em><\/strong><\/p>\n\n\n\n<p><strong>Dassaev T\u00e9llez Adame<\/strong><\/p>\n\n\n\n<p><strong>Chilpancingo, 9 de noviembre. &#8211;<\/strong> Se\u00f1ala, uno de los representantes del colectivo \u00abLos Olvidados de Ayotzinapa\u00bb, que no permitir\u00e1n que Ram\u00f3n Almonte Borja entre dentro de la terna que se presentar\u00e1 para elegir al Fiscal General del Estado.<\/p>\n\n\n\n<p>Por lo que, podr\u00edan iniciar movilizaciones en caso de que est\u00e9 personaje, que fung\u00eda como titular de la Secretar\u00eda de Seguridad P\u00fablica de Guerrero (SSPGro) cuando ocurri\u00f3 el desalojo de diciembre del 2011 y que fuera acusado de dar la orden de este desalojo que dej\u00f3 como saldo 2 estudiantes de la Escuela Normal Rural &#8216;Ra\u00fal Isidro Burgos&#8217; de Ayotzinapa.<\/p>\n\n\n\n<p>Francisco Echeverr\u00eda de Jes\u00fas, hermano de Gabriel Echeverr\u00eda de Jes\u00fas, uno de los dos normalistas asesinados en los hechos del 12 de diciembre del 2011 en el \u2018Parador del Marques\u2019 a manos de polic\u00edas ministeriales y federales, dijo que \u201cnosotros lo vemos como un peligro para la sociedad y para el estado de Guerrero\u201d.<\/p>\n\n\n\n<p>Esto porque en ese entonces era el Secretario de Seguridad P\u00fablica del Estado y jefe inmediato de Ram\u00f3n Arreola, quien encabezo el desalojo, fue quien dio la orden de desalojar la autopista, adem\u00e1s de que declararon que, en este punto de la Autopista del Sol, no ocurr\u00eda nada, cuando a\u00fan se encontraban en el suelo los cuerpos de los normalistas.<\/p>\n\n\n\n<p>\u201cAlmonte Borja, como es de conocimiento, en el a\u00f1o dos mil doce, el congreso no lo enjuicio, ni a L\u00f3pez Rosas, porque como sabemos en ese a\u00f1o, estaban los procesos, ya estaba para que el congreso decidiera y se enjuiciara a Ram\u00f3n Almonte Borja por los hechos y por como mando a su polic\u00eda\u2026como mando sin protocolos, llegaron armados, fue un zafarrancho y que est\u00e1 a punto de cumplirse diez a\u00f1os de impunidad\u2026este personaje parece que se le olvido lo que paso ese d\u00eda, justamente a un mes de que se cumplan diez a\u00f1os\u201d, puntualizo.<\/p>\n\n\n\n<p>Adem\u00e1s de que, en esos d\u00edas, Almonte Borja presento a los medios de comunicaci\u00f3n un escrito donde se deslindaba del PRD, porque no lo quer\u00edan dejar participar para presidente de Acapulco.<\/p>\n\n\n\n<p>Por lo que, Echeverr\u00eda de Jes\u00fas, dijo que esto podr\u00eda significar un peligro para el estado de Guerrero, \u201cporque, se imaginan si esto ya le paso a Ayotzinapa, que nos espera como Fiscal y los atropellos que van a venir m\u00e1s adelante para las distintas organizaciones, las personas que se lleguen a manifestar, para podernos callar, nos van a mandar a asesinar\u201d.<\/p>\n\n\n\n<p>Dijo que, como colectivo y contando como el apoyo de la Normal de Ayotzinapa, podr\u00edan realizar movilizaciones en caso de que este personaje aparezca en la terna que la gobernadora envi\u00e9 al Congreso para que se designe al nuevo titular de la Fiscal\u00eda General del Estado.<\/p>\n\n\n\n<p>\u201cLa gente nos ha dicho que nosotros no somos quien, para juzgar, pero si no alzamos la voz esto se va a volver a repetir, nosotros condicionamos que, sea el personaje que sea y haya tenido culpa o que tenga que ver con el tema de Ayotzinapa, vamos a estar tras de \u00e9l, como dijeran por ah\u00ed, hasta que se esclarezcan los hechos, hasta que se haga justicia y hasta que se sepa en realidad que paso\u201d, sentencio y finaliz\u00f3.<\/p>\n","protected":false},"excerpt":{"rendered":"<p>&#8211; Recuerdan que fue secretario de Seguridad P\u00fablica con Angel Aguirre, cuando se registr\u00f3 el asesinato de dos de sus compa\u00f1eros Dassaev T\u00e9llez Adame Chilpancingo, 9 de noviembre. &#8211; Se\u00f1ala,&hellip; <\/p>\n","protected":false},"author":1,"featured_media":37770,"comment_status":"open","ping_status":"open","sticky":false,"template":"","format":"standard","meta":{"fifu_image_url":"","fifu_image_alt":"","footnotes":""},"categories":[15],"tags":[],"class_list":["post-37769","post","type-post","status-publish","format-standard","has-post-thumbnail","hentry","category-movimientos-sociales"],"_links":{"self":[{"href":"https:\/\/www.interaccionnoticias.com.mx\/index.php?rest_route=\/wp\/v2\/posts\/37769","targetHints":{"allow":["GET"]}}],"collection":[{"href":"https:\/\/www.interaccionnoticias.com.mx\/index.php?rest_route=\/wp\/v2\/posts"}],"about":[{"href":"https:\/\/www.interaccionnoticias.com.mx\/index.php?rest_route=\/wp\/v2\/types\/post"}],"author":[{"embeddable":true,"href":"https:\/\/www.interaccionnoticias.com.mx\/index.php?rest_route=\/wp\/v2\/users\/1"}],"replies":[{"embeddable":true,"href":"https:\/\/www.interaccionnoticias.com.mx\/index.php?rest_route=%2Fwp%2Fv2%2Fcomments&post=37769"}],"version-history":[{"count":0,"href":"https:\/\/www.interaccionnoticias.com.mx\/index.php?rest_route=\/wp\/v2\/posts\/37769\/revisions"}],"wp:featuredmedia":[{"embeddable":true,"href":"https:\/\/www.interaccionnoticias.com.mx\/index.php?rest_route=\/wp\/v2\/media\/37770"}],"wp:attachment":[{"href":"https:\/\/www.interaccionnoticias.com.mx\/index.php?rest_route=%2Fwp%2Fv2%2Fmedia&parent=37769"}],"wp:term":[{"taxonomy":"category","embeddable":true,"href":"https:\/\/www.interaccionnoticias.com.mx\/index.php?rest_route=%2Fwp%2Fv2%2Fcategories&post=37769"},{"taxonomy":"post_tag","embeddable":true,"href":"https:\/\/www.interaccionnoticias.com.mx\/index.php?rest_route=%2Fwp%2Fv2%2Ftags&post=37769"}],"curies":[{"name":"wp","href":"https:\/\/api.w.org\/{rel}","templated":true}]}}