{"id":37762,"date":"2021-11-09T19:53:18","date_gmt":"2021-11-10T01:53:18","guid":{"rendered":"http:\/\/www.inter-accion.com.mx\/?p=37762"},"modified":"2021-11-09T19:53:18","modified_gmt":"2021-11-10T01:53:18","slug":"37762","status":"publish","type":"post","link":"https:\/\/www.interaccionnoticias.com.mx\/?p=37762","title":{"rendered":"Confirman la designaci\u00f3n de Cuauht\u00e9moc Ney como dirigente estatal de Morena-Guerrero"},"content":{"rendered":"\n<p>&#8211;<strong><em> El CEN los nombr\u00f3 delegado con funciones de presidente del Comit\u00e9 Ejecutivo Estatal<\/em><\/strong><\/p>\n\n\n\n<p><strong>Rogelio Agust\u00edn<\/strong><\/p>\n\n\n\n<p>La dirigencia nacional de Morena confirm\u00f3 la designaci\u00f3n del contador Cuauht\u00e9moc Ney Catal\u00e1n como delegado en funciones de presidente del Comit\u00e9 Ejecutivo Estatal (CEE) de dicho instituto pol\u00edtico en Guerrero, dicho cargo permanec\u00eda vacante desde el nombramiento de Marcial Rodr\u00edguez Salda\u00f1a como titular de la Secretar\u00eda de Educaci\u00f3n Guerrero (SEG).<\/p>\n\n\n\n<p>La tarde del martes 9 de noviembre, circul\u00f3 en redes sociales un oficio firmado por el presidente del Comit\u00e9 Ejecutivo Nacional (CEN) de Morena, Mario Delgado Carrillo, en el que se se\u00f1ala que durante la sesi\u00f3n n\u00famero 28 de la dirigencia nacional, misma que se desarroll\u00f3 de manera urgente, se decidi\u00f3 emitir el nombramiento de Ney Catal\u00e1n como delegado en funciones del presidente del Comit\u00e9 Ejecutivo Estatal de Guerrero.<\/p>\n\n\n\n<p>Dicho documento est\u00e1 fechado el 8 de noviembre en la Ciudad de M\u00e9xico, d\u00eda en que se indica, la designaci\u00f3n debe tener efectos.<\/p>\n\n\n\n<p>El ex representante de Morena ante los \u00f3rganos electorales, Sergio Montes Carrillo reconoci\u00f3 que el nombramiento es v\u00e1lido, pero precis\u00f3 que lo permitieron los consejeros del partido que el pasado domingo 7 de noviembre no se conectaron a la sesi\u00f3n virtual convocada por su presidente, Luis Enrique R\u00edos Saucedo.<\/p>\n\n\n\n<p>Asegur\u00f3 que los no conectados no actuaron con ingenuidad, pues se abstuvieron de participar en la sesi\u00f3n que regresar\u00eda al partido a la vida institucional con la esperanza de que se les otorguen espacios en el Gobierno de Guerrero.<\/p>\n\n\n\n<p>\u201cPor un cargo p\u00fablico abdicaron la responsabilidad que ten\u00edan con el partido y la democracia interna\u201d, se\u00f1al\u00f3 Montes Carrillo.<\/p>\n\n\n\n<p>Sin embargo, dijo que lo que sigue es consolidar la integraci\u00f3n del Consejo Estatal de Morena, pues sostuvo: \u201cUn delegado concluye cuando se elige un presidente por el Consejo Estatal de acuerdo con el art\u00edculo 29 de los estatutos\u201d.<\/p>\n\n\n\n<p>En consecuencia, dijo que la ruta es elegir a un presidente electo por el Consejo Estatal y posteriormente, solicitar al Comit\u00e9 Nacional que retire a su delegado.<\/p>\n","protected":false},"excerpt":{"rendered":"<p>&#8211; El CEN los nombr\u00f3 delegado con funciones de presidente del Comit\u00e9 Ejecutivo Estatal Rogelio Agust\u00edn La dirigencia nacional de Morena confirm\u00f3 la designaci\u00f3n del contador Cuauht\u00e9moc Ney Catal\u00e1n como&hellip; <\/p>\n","protected":false},"author":1,"featured_media":37756,"comment_status":"open","ping_status":"open","sticky":false,"template":"","format":"standard","meta":{"fifu_image_url":"","fifu_image_alt":"","footnotes":""},"categories":[18],"tags":[],"class_list":["post-37762","post","type-post","status-publish","format-standard","has-post-thumbnail","hentry","category-partidos-politicos"],"_links":{"self":[{"href":"https:\/\/www.interaccionnoticias.com.mx\/index.php?rest_route=\/wp\/v2\/posts\/37762","targetHints":{"allow":["GET"]}}],"collection":[{"href":"https:\/\/www.interaccionnoticias.com.mx\/index.php?rest_route=\/wp\/v2\/posts"}],"about":[{"href":"https:\/\/www.interaccionnoticias.com.mx\/index.php?rest_route=\/wp\/v2\/types\/post"}],"author":[{"embeddable":true,"href":"https:\/\/www.interaccionnoticias.com.mx\/index.php?rest_route=\/wp\/v2\/users\/1"}],"replies":[{"embeddable":true,"href":"https:\/\/www.interaccionnoticias.com.mx\/index.php?rest_route=%2Fwp%2Fv2%2Fcomments&post=37762"}],"version-history":[{"count":0,"href":"https:\/\/www.interaccionnoticias.com.mx\/index.php?rest_route=\/wp\/v2\/posts\/37762\/revisions"}],"wp:featuredmedia":[{"embeddable":true,"href":"https:\/\/www.interaccionnoticias.com.mx\/index.php?rest_route=\/wp\/v2\/media\/37756"}],"wp:attachment":[{"href":"https:\/\/www.interaccionnoticias.com.mx\/index.php?rest_route=%2Fwp%2Fv2%2Fmedia&parent=37762"}],"wp:term":[{"taxonomy":"category","embeddable":true,"href":"https:\/\/www.interaccionnoticias.com.mx\/index.php?rest_route=%2Fwp%2Fv2%2Fcategories&post=37762"},{"taxonomy":"post_tag","embeddable":true,"href":"https:\/\/www.interaccionnoticias.com.mx\/index.php?rest_route=%2Fwp%2Fv2%2Ftags&post=37762"}],"curies":[{"name":"wp","href":"https:\/\/api.w.org\/{rel}","templated":true}]}}