{"id":37759,"date":"2021-11-09T19:47:21","date_gmt":"2021-11-10T01:47:21","guid":{"rendered":"http:\/\/www.inter-accion.com.mx\/?p=37759"},"modified":"2021-11-09T19:47:21","modified_gmt":"2021-11-10T01:47:21","slug":"37759","status":"publish","type":"post","link":"https:\/\/www.interaccionnoticias.com.mx\/?p=37759","title":{"rendered":"Detiene la Polic\u00eda Estatal a siete personas en el municipio de Copala"},"content":{"rendered":"\n<p><strong><em>&#8211; Se les aseguran armas, chalecos t\u00e1cticos y dos veh\u00edculos, uno de ellos blindado<\/em><\/strong><\/p>\n\n\n\n<p><strong>Chilpancingo, Guerrero, 09 de noviembre de 2021.- <\/strong>Personal de la Polic\u00eda Estatal, quienes realizaban recorridos de seguridad y de prevenci\u00f3n del delito, detuvieron a siete personas en el municipio de Copala, en la regi\u00f3n de la Costa Chica.<\/p>\n\n\n\n<p>Los agentes patrullaban calles de la comunidad Las Pe\u00f1itas cuando ubicaron a un grupo de personas, compuesto por cinco hombres y dos mujeres.<\/p>\n\n\n\n<p>Fueron identificados como: Carlos Daniel \u201cN\u201d, Pedro Javier \u201cN\u201d, C\u00e9sar Gerardo \u201cN\u201d, Alan Enrique \u201cN\u201d, Guadalupe \u201cN\u201d, Mirian \u201cN\u201d y Mar\u00eda Teresa \u201cN\u201d.<\/p>\n\n\n\n<p>Tras una revisi\u00f3n se les asegur\u00f3 lo siguiente: una pistola .9 mm, abastecida con 15 cartuchos \u00fatiles; un arma corta calibre .9 mm con un cargador con 11 cartuchos y un cargador m\u00e1s desabastecido.<\/p>\n\n\n\n<p>Un fusil calibre .223 mm con 30 cartuchos \u00fatiles; un fusil calibre .223 mm con 14 cartuchos y un tercer fusil calibre .223 mm con 10 cartuchos del mismo calibre; as\u00ed como cuatro chalecos t\u00e1cticos, cada uno con dos placas bal\u00edsticas.<\/p>\n\n\n\n<p>Tambi\u00e9n se les asegur\u00f3 una camioneta marca Ford, tipo Explorer, modelo 2003, con placas de circulaci\u00f3n del Estado de M\u00e9xico, misma que est\u00e1 blindada, y un segundo veh\u00edculo marca Honda, tipo CR-V, tambi\u00e9n con placas de circulaci\u00f3n del Estado de M\u00e9xico. Ambos sin reporte de robo.<\/p>\n\n\n\n<p>Las siete personas, el armamento, los chalecos t\u00e1cticos y los veh\u00edculos fueron puestos a disposici\u00f3n de las autoridades correspondientes.<\/p>\n","protected":false},"excerpt":{"rendered":"<p>&#8211; Se les aseguran armas, chalecos t\u00e1cticos y dos veh\u00edculos, uno de ellos blindado Chilpancingo, Guerrero, 09 de noviembre de 2021.- Personal de la Polic\u00eda Estatal, quienes realizaban recorridos de&hellip; <\/p>\n","protected":false},"author":1,"featured_media":37755,"comment_status":"open","ping_status":"open","sticky":false,"template":"","format":"standard","meta":{"fifu_image_url":"","fifu_image_alt":"","footnotes":""},"categories":[27],"tags":[],"class_list":["post-37759","post","type-post","status-publish","format-standard","has-post-thumbnail","hentry","category-seguridad-publica"],"_links":{"self":[{"href":"https:\/\/www.interaccionnoticias.com.mx\/index.php?rest_route=\/wp\/v2\/posts\/37759","targetHints":{"allow":["GET"]}}],"collection":[{"href":"https:\/\/www.interaccionnoticias.com.mx\/index.php?rest_route=\/wp\/v2\/posts"}],"about":[{"href":"https:\/\/www.interaccionnoticias.com.mx\/index.php?rest_route=\/wp\/v2\/types\/post"}],"author":[{"embeddable":true,"href":"https:\/\/www.interaccionnoticias.com.mx\/index.php?rest_route=\/wp\/v2\/users\/1"}],"replies":[{"embeddable":true,"href":"https:\/\/www.interaccionnoticias.com.mx\/index.php?rest_route=%2Fwp%2Fv2%2Fcomments&post=37759"}],"version-history":[{"count":0,"href":"https:\/\/www.interaccionnoticias.com.mx\/index.php?rest_route=\/wp\/v2\/posts\/37759\/revisions"}],"wp:featuredmedia":[{"embeddable":true,"href":"https:\/\/www.interaccionnoticias.com.mx\/index.php?rest_route=\/wp\/v2\/media\/37755"}],"wp:attachment":[{"href":"https:\/\/www.interaccionnoticias.com.mx\/index.php?rest_route=%2Fwp%2Fv2%2Fmedia&parent=37759"}],"wp:term":[{"taxonomy":"category","embeddable":true,"href":"https:\/\/www.interaccionnoticias.com.mx\/index.php?rest_route=%2Fwp%2Fv2%2Fcategories&post=37759"},{"taxonomy":"post_tag","embeddable":true,"href":"https:\/\/www.interaccionnoticias.com.mx\/index.php?rest_route=%2Fwp%2Fv2%2Ftags&post=37759"}],"curies":[{"name":"wp","href":"https:\/\/api.w.org\/{rel}","templated":true}]}}