{"id":37708,"date":"2021-11-09T16:54:03","date_gmt":"2021-11-09T22:54:03","guid":{"rendered":"http:\/\/www.inter-accion.com.mx\/?p=37708"},"modified":"2021-11-09T16:54:03","modified_gmt":"2021-11-09T22:54:03","slug":"37708","status":"publish","type":"post","link":"https:\/\/www.interaccionnoticias.com.mx\/?p=37708","title":{"rendered":"No acudan si no se les llama, dice Bienestar a los rezagados en la vacunaci\u00f3n"},"content":{"rendered":"\n<p><strong>Jes\u00fas Dorantes<\/strong><\/p>\n\n\n\n<p><strong>Chilpancingo, Gro.- <\/strong>Por medio de un comunicado en redes sociales, la delegaci\u00f3n de Bienestar Social en Guerrero realiz\u00f3 solicit\u00f3 a los rezagados en la vacuna contra el Covid-19, para que no asistir a los centros de inoculaci\u00f3n si no fueron convocados previamente.<\/p>\n\n\n\n<p>En el escrito difundido en redes sociales oficiales, la delegaci\u00f3n hace \u00e9nfasis en que el Plan Nacional de Vacunaci\u00f3n Nacional, presentado para llevarse a cabo del 9 al 11 de noviembre en la entidad, es para aplicar el f\u00e1rmaco a menores de 12 a 17 a\u00f1os con comorbilidades.<\/p>\n\n\n\n<p>Descart\u00f3 que se haya convocado de manera masiva a la ciudadan\u00eda que est\u00e1 en rezago para recibir su vacuna, pues aquellos que acudieron a los centros solo es porque fueron contactados v\u00eda telef\u00f3nica en base a un censo previo.<\/p>\n\n\n\n<p>En el escrito se exhorta a los actores pol\u00edticos y gobiernos municipales a no permitir que se utilice la vacunaci\u00f3n para otros fines distintos a los establecidos por el Gobierno Federal.<\/p>\n","protected":false},"excerpt":{"rendered":"<p>Jes\u00fas Dorantes Chilpancingo, Gro.- Por medio de un comunicado en redes sociales, la delegaci\u00f3n de Bienestar Social en Guerrero realiz\u00f3 solicit\u00f3 a los rezagados en la vacuna contra el Covid-19,&hellip; <\/p>\n","protected":false},"author":1,"featured_media":37701,"comment_status":"open","ping_status":"open","sticky":false,"template":"","format":"standard","meta":{"fifu_image_url":"","fifu_image_alt":"","footnotes":""},"categories":[3],"tags":[],"class_list":["post-37708","post","type-post","status-publish","format-standard","has-post-thumbnail","hentry","category-covid-19"],"_links":{"self":[{"href":"https:\/\/www.interaccionnoticias.com.mx\/index.php?rest_route=\/wp\/v2\/posts\/37708","targetHints":{"allow":["GET"]}}],"collection":[{"href":"https:\/\/www.interaccionnoticias.com.mx\/index.php?rest_route=\/wp\/v2\/posts"}],"about":[{"href":"https:\/\/www.interaccionnoticias.com.mx\/index.php?rest_route=\/wp\/v2\/types\/post"}],"author":[{"embeddable":true,"href":"https:\/\/www.interaccionnoticias.com.mx\/index.php?rest_route=\/wp\/v2\/users\/1"}],"replies":[{"embeddable":true,"href":"https:\/\/www.interaccionnoticias.com.mx\/index.php?rest_route=%2Fwp%2Fv2%2Fcomments&post=37708"}],"version-history":[{"count":0,"href":"https:\/\/www.interaccionnoticias.com.mx\/index.php?rest_route=\/wp\/v2\/posts\/37708\/revisions"}],"wp:featuredmedia":[{"embeddable":true,"href":"https:\/\/www.interaccionnoticias.com.mx\/index.php?rest_route=\/wp\/v2\/media\/37701"}],"wp:attachment":[{"href":"https:\/\/www.interaccionnoticias.com.mx\/index.php?rest_route=%2Fwp%2Fv2%2Fmedia&parent=37708"}],"wp:term":[{"taxonomy":"category","embeddable":true,"href":"https:\/\/www.interaccionnoticias.com.mx\/index.php?rest_route=%2Fwp%2Fv2%2Fcategories&post=37708"},{"taxonomy":"post_tag","embeddable":true,"href":"https:\/\/www.interaccionnoticias.com.mx\/index.php?rest_route=%2Fwp%2Fv2%2Ftags&post=37708"}],"curies":[{"name":"wp","href":"https:\/\/api.w.org\/{rel}","templated":true}]}}