{"id":37696,"date":"2021-11-08T22:42:39","date_gmt":"2021-11-09T04:42:39","guid":{"rendered":"http:\/\/www.inter-accion.com.mx\/?p=37696"},"modified":"2021-11-08T22:42:39","modified_gmt":"2021-11-09T04:42:39","slug":"37696","status":"publish","type":"post","link":"https:\/\/www.interaccionnoticias.com.mx\/?p=37696","title":{"rendered":"Secundaria 185 regresa a clases presenciales, al 50 %"},"content":{"rendered":"\n<p><strong><em>&#8211; Para evitar riesgo de contagios<\/em><\/strong><\/p>\n\n\n\n<p><strong>Dassaev T\u00e9llez Adame<\/strong><\/p>\n\n\n\n<p><strong>Chilpancingo, 8 de noviembre. &#8211;<\/strong> Este lunes, estudiantes de la Escuela Secundaria T\u00e9cnica Industrial 185 \u2018Hermenegildo Galeana\u2019, regresaron a clases, pero solo lo hicieron con menos de la mitad de sus estudiantes.<\/p>\n\n\n\n<p>Durante la contingencia y el cierre de las escuelas, sufrieron dos robos, uno de estos a mano armada y el otro se especula que fueron estudiantes de esta instituci\u00f3n, dado que sab\u00edan d\u00f3nde se encontraban los equipos de valor.<\/p>\n\n\n\n<p>La Directora Viviana Oliva Reyes Jim\u00e9nez, explic\u00f3 que esta escuela cuenta con al menos 600 alumnos, los cuales ser\u00e1n atendidos lunes y martes el 50 por ciento, los jueves y viernes el otro 50, el d\u00eda mi\u00e9rcoles ser\u00e1 destinado para atender a los padres de familia, por lo que la escuela permanecer\u00e1 abierta.<\/p>\n\n\n\n<p>Adem\u00e1s de que para el regreso, se realiz\u00f3 una asamblea con los padres de los alumnos, con quienes acordaron que el horario de trabajo con los estudiantes ser\u00eda de 8 de la ma\u00f1ana a 2 de la tarde, teniendo una entrada y salida diferida de 10 minutos por grado.<\/p>\n\n\n\n<p>Incluso se est\u00e1 buscando la estrategia para ver c\u00f3mo trabajar con los j\u00f3venes que no se presentan ni en clases en l\u00ednea, ya que muchos se fueron a sus pueblos y no tienen buena conexi\u00f3n telef\u00f3nica; aunque tambi\u00e9n, hubo casos que no se presentaron a ninguna clase en l\u00ednea y no han sido evaluados desde que el ciclo escolar pas\u00f3 a ser virtual, por lo que se les est\u00e1 evaluando y regularizando con trabajos del a\u00f1o pasado.<\/p>\n\n\n\n<p>Tambi\u00e9n explic\u00f3 que, a los estudiantes, se les pidi\u00f3 que trajeran su propio desayuno y\/o almuerzo, el uso del ba\u00f1o, se les pidi\u00f3 el usarlo de uno en uno, cuentan con vigilancia para esto en el sanitario.<\/p>\n\n\n\n<p>Dijo que esta escuela trabaja de manera mixta, es decir que todo trabajo y evaluaci\u00f3n ser\u00e1n presenciales, ya que esta escuela no cuenta con la infraestructura para ofrecer un modelo h\u00edbrido, como lo son c\u00e1maras para las clases en l\u00ednea, proyectores y pizarrones electr\u00f3nicos.<\/p>\n\n\n\n<p>Hasta el momento, las autoridades s\u00f3lo dotaron a esta escuela con un cubrebocas por estudiante, un term\u00f3metro digital y un un gal\u00f3n de sanitizante; pero gracias a que resultaron beneficiarios de un programa de UNICEF, les dotaron cloro, jab\u00f3n y cubrebocas extras.<\/p>\n\n\n\n<p>Para el caso de agua potable, dijo que cuentan con una conexi\u00f3n a la red de agua potable p\u00fablica, la cual es abastecida una vez al mes y solo les da capacidad para llenar una cisterna de once mil litros, la cual es vaciada en una semana, por lo que tienen que comprar al menos 3 pipas al mes.<\/p>\n\n\n\n<p>\u201cAhora con las nuevas medidas sanitarias, hay que estarse lavando constantemente las manos, por lo que calculamos que ahora ocuparemos una cisterna y media por semana para esta labor, por lo que se les pedir\u00e1 cooperaci\u00f3n a los padres de familia para poder tener el agua necesaria\u201d, puntualiz\u00f3.<\/p>\n\n\n\n<p>Esta instituci\u00f3n cuenta con una plantilla de 59 personas, es decir personal docente, administrativo y de intendencia; de las cuales s\u00f3lo 58 cuentan con las dosis completas de sus vacunas contra el COVID-19, uno solo cuenta con una dosis y no se est\u00e1 presentando a clases, pero capacito al docente suplente para cubrir sus horas.<\/p>\n\n\n\n<p>El \u00e1rea de la biblioteca, se encuentra cerrada temporalmente y ser\u00e1 exclusivamente usada por el personal de USAER, para atender a los estudiantes que necesitan atenci\u00f3n especial, adem\u00e1s de que esta escuela es la \u00fanica de la zona que cuenta con este servicio; Por lo que buscar\u00e1n la manera de pedir un aula para atender a los alumnos con diagn\u00f3stico.<\/p>\n\n\n\n<p>Cuentan actualmente con 16 estudiantes, c\u00f3mo lo son autismo y s\u00edndrome de Down.<\/p>\n\n\n\n<p>Los profesores se dijeron contentos por regresar y tener contacto de nuevo con sus alumnos, adem\u00e1s de que el sistema de regresar al 50 por ciento, parece que va a funcionar, adem\u00e1s de que es m\u00ednimo el n\u00famero de estudiantes faltantes, porque se registr\u00f3 un 98 por ciento de la asistencia permitida.<\/p>\n\n\n\n<p>Acusaron que el rezago acad\u00e9mico se debe al problema con la econom\u00eda que tiene a las familias con poco presupuesto, adem\u00e1s de que muchos no cuentan con un dispositivo m\u00f3vil para acceder a la educaci\u00f3n<\/p>\n\n\n\n<p>Otro de los puntos es que las recargas que pueden llegar a ponerle al celular, que va de 20 a 50 pesos, con las clases en l\u00ednea se les van muy r\u00e1pidos los datos<\/p>\n\n\n\n<p>Incluso, detectaron que hay familias que solo cuentan con un celular en casa y lo llegan a usar hasta 3 menores, cosa que ha propiciado a\u00fan m\u00e1s el rezago.<\/p>\n\n\n\n<p><strong>ASALTOS<\/strong><\/p>\n\n\n\n<p>Record\u00f3 que, en el a\u00f1o que estuvo cerrada, sufrieron al menos dos asaltos, uno a mano armada, donde perdieron todo el sistema de sonido.<\/p>\n\n\n\n<p>Por lo que se resguardo todo el sistema de c\u00f3mputo, creyendo que fueron vecinos de colonias aleda\u00f1as, por lo que les han dicho los vecinos, el rob\u00f3 se detuvo gracias a una llamada del velador, quien se escondi\u00f3 al percatarse del robo.<\/p>\n\n\n\n<p>El segundo rob\u00f3, creen que fue realizado por alumnos, ya que sab\u00edan donde estaban las cosas, afortunadamente solo se llevaron una computadora que no serv\u00eda<\/p>\n\n\n\n<p>En el primer rob\u00f3 rompieron la chapa de la entrada y algunas chapas; por lo que se reforzaron.<\/p>\n","protected":false},"excerpt":{"rendered":"<p>&#8211; Para evitar riesgo de contagios Dassaev T\u00e9llez Adame Chilpancingo, 8 de noviembre. &#8211; Este lunes, estudiantes de la Escuela Secundaria T\u00e9cnica Industrial 185 \u2018Hermenegildo Galeana\u2019, regresaron a clases, pero&hellip; <\/p>\n","protected":false},"author":1,"featured_media":37693,"comment_status":"open","ping_status":"open","sticky":false,"template":"","format":"standard","meta":{"fifu_image_url":"","fifu_image_alt":"","footnotes":""},"categories":[6],"tags":[],"class_list":["post-37696","post","type-post","status-publish","format-standard","has-post-thumbnail","hentry","category-educacion"],"_links":{"self":[{"href":"https:\/\/www.interaccionnoticias.com.mx\/index.php?rest_route=\/wp\/v2\/posts\/37696","targetHints":{"allow":["GET"]}}],"collection":[{"href":"https:\/\/www.interaccionnoticias.com.mx\/index.php?rest_route=\/wp\/v2\/posts"}],"about":[{"href":"https:\/\/www.interaccionnoticias.com.mx\/index.php?rest_route=\/wp\/v2\/types\/post"}],"author":[{"embeddable":true,"href":"https:\/\/www.interaccionnoticias.com.mx\/index.php?rest_route=\/wp\/v2\/users\/1"}],"replies":[{"embeddable":true,"href":"https:\/\/www.interaccionnoticias.com.mx\/index.php?rest_route=%2Fwp%2Fv2%2Fcomments&post=37696"}],"version-history":[{"count":0,"href":"https:\/\/www.interaccionnoticias.com.mx\/index.php?rest_route=\/wp\/v2\/posts\/37696\/revisions"}],"wp:featuredmedia":[{"embeddable":true,"href":"https:\/\/www.interaccionnoticias.com.mx\/index.php?rest_route=\/wp\/v2\/media\/37693"}],"wp:attachment":[{"href":"https:\/\/www.interaccionnoticias.com.mx\/index.php?rest_route=%2Fwp%2Fv2%2Fmedia&parent=37696"}],"wp:term":[{"taxonomy":"category","embeddable":true,"href":"https:\/\/www.interaccionnoticias.com.mx\/index.php?rest_route=%2Fwp%2Fv2%2Fcategories&post=37696"},{"taxonomy":"post_tag","embeddable":true,"href":"https:\/\/www.interaccionnoticias.com.mx\/index.php?rest_route=%2Fwp%2Fv2%2Ftags&post=37696"}],"curies":[{"name":"wp","href":"https:\/\/api.w.org\/{rel}","templated":true}]}}