{"id":37691,"date":"2021-11-08T22:38:05","date_gmt":"2021-11-09T04:38:05","guid":{"rendered":"http:\/\/www.inter-accion.com.mx\/?p=37691"},"modified":"2021-11-08T22:38:05","modified_gmt":"2021-11-09T04:38:05","slug":"37691","status":"publish","type":"post","link":"https:\/\/www.interaccionnoticias.com.mx\/?p=37691","title":{"rendered":"Ofrece Evelyn Salgado a periodistas de Iguala mecanismo para garantizar el libre ejercicio del gremio en la zona Norte"},"content":{"rendered":"\n<p><strong><em>&#8211; Cumple Evelyn Salgado su compromiso y se re\u00fane por segunda ocasi\u00f3n, ahora como gobernadora, con periodistas de Iguala<\/em><\/strong><\/p>\n\n\n\n<p><strong>Chilpancingo, Gro. 08 de noviembre de 2021.-<\/strong> Con el objetivo de escuchar sus planteamientos a trav\u00e9s de un di\u00e1logo directo y abierto, la gobernadora Evelyn Salgado Pineda, se reuni\u00f3 por segunda ocasi\u00f3n con las y los periodistas desplazados de Iguala, ahora ya en calidad de gobernadora Constitucional.<\/p>\n\n\n\n<p>La reuni\u00f3n se realiz\u00f3 en la sede del Poder Ejecutivo en Chilpancingo, con representantes del Mecanismo de Protecci\u00f3n para Personas Defensoras de Derechos Humanos y Periodistas, la gobernadora Evelyn Salgado, les refrend\u00f3 el compromiso de su gobierno para garantizar el ejercicio de este noble e importante gremio, adem\u00e1s de manifestar su respeto irrestricto a la libertad de la expresi\u00f3n.<\/p>\n\n\n\n<p>Evelyn Salgado Pineda, puntualiz\u00f3 que para seguir Transformando Guerrero todas las voces deben ser escuchadas y atendidas, por lo que acord\u00f3 con los periodistas, mantener comunicaci\u00f3n directa que permita atender sus planteamientos y garantizar la labor informativa de los periodistas, quienes plantearon objetivos primordiales para el desarrollo laboral en los diversos espacios que representan en la ciudad de Iguala.<\/p>\n\n\n\n<p>En la reuni\u00f3n tambi\u00e9n estuvieron presentes el el Subsecretario de Desarrollo Pol\u00edtico y Social de la Secretar\u00eda General de Gobierno, Ludwig Marcial Reynoso N\u00fa\u00f1ez; el Jefe de la Oficina del Ejecutivo Estatal, Jes\u00fas Eugenio Uriostegui Garc\u00eda y el Director General de Comunicaci\u00f3n Social, Ren\u00e9 Posselt Aguirre.<\/p>\n","protected":false},"excerpt":{"rendered":"<p>&#8211; Cumple Evelyn Salgado su compromiso y se re\u00fane por segunda ocasi\u00f3n, ahora como gobernadora, con periodistas de Iguala Chilpancingo, Gro. 08 de noviembre de 2021.- Con el objetivo de&hellip; <\/p>\n","protected":false},"author":1,"featured_media":37692,"comment_status":"open","ping_status":"open","sticky":false,"template":"","format":"standard","meta":{"fifu_image_url":"","fifu_image_alt":"","footnotes":""},"categories":[11],"tags":[],"class_list":["post-37691","post","type-post","status-publish","format-standard","has-post-thumbnail","hentry","category-guerrero"],"_links":{"self":[{"href":"https:\/\/www.interaccionnoticias.com.mx\/index.php?rest_route=\/wp\/v2\/posts\/37691","targetHints":{"allow":["GET"]}}],"collection":[{"href":"https:\/\/www.interaccionnoticias.com.mx\/index.php?rest_route=\/wp\/v2\/posts"}],"about":[{"href":"https:\/\/www.interaccionnoticias.com.mx\/index.php?rest_route=\/wp\/v2\/types\/post"}],"author":[{"embeddable":true,"href":"https:\/\/www.interaccionnoticias.com.mx\/index.php?rest_route=\/wp\/v2\/users\/1"}],"replies":[{"embeddable":true,"href":"https:\/\/www.interaccionnoticias.com.mx\/index.php?rest_route=%2Fwp%2Fv2%2Fcomments&post=37691"}],"version-history":[{"count":0,"href":"https:\/\/www.interaccionnoticias.com.mx\/index.php?rest_route=\/wp\/v2\/posts\/37691\/revisions"}],"wp:featuredmedia":[{"embeddable":true,"href":"https:\/\/www.interaccionnoticias.com.mx\/index.php?rest_route=\/wp\/v2\/media\/37692"}],"wp:attachment":[{"href":"https:\/\/www.interaccionnoticias.com.mx\/index.php?rest_route=%2Fwp%2Fv2%2Fmedia&parent=37691"}],"wp:term":[{"taxonomy":"category","embeddable":true,"href":"https:\/\/www.interaccionnoticias.com.mx\/index.php?rest_route=%2Fwp%2Fv2%2Fcategories&post=37691"},{"taxonomy":"post_tag","embeddable":true,"href":"https:\/\/www.interaccionnoticias.com.mx\/index.php?rest_route=%2Fwp%2Fv2%2Ftags&post=37691"}],"curies":[{"name":"wp","href":"https:\/\/api.w.org\/{rel}","templated":true}]}}