{"id":37655,"date":"2021-11-08T16:25:40","date_gmt":"2021-11-08T22:25:40","guid":{"rendered":"http:\/\/www.inter-accion.com.mx\/?p=37655"},"modified":"2021-11-08T16:25:40","modified_gmt":"2021-11-08T22:25:40","slug":"37655","status":"publish","type":"post","link":"https:\/\/www.interaccionnoticias.com.mx\/?p=37655","title":{"rendered":"L\u00edder del Congreso revela que ha sufrido al menos tres atentados"},"content":{"rendered":"\n<p><strong><em>&#8211; Cada caso fue denunciado ante la FGE y existen las carpetas de investigaci\u00f3n, se\u00f1ala Alfredo S\u00e1nchez Esquivel<br>&#8211; Los ataques se registraron en la legislatura anterior<br>&#8211; En la legislatura 63 van dos casos, uno de ellos el de la diputada Estrella de la Paz Bernal, cuya casa fue balaceada el domingo<\/em><\/strong><\/p>\n\n\n\n<p><strong>Rogelio Agust\u00edn<\/strong><\/p>\n\n\n\n<p>El presidente de la Junta de Coordinaci\u00f3n Pol\u00edtica (Jucopo) del Congreso local, Alfredo S\u00e1nchez Esquivel rebel\u00f3 que ya son dos los diputados locales de Morena que sufren actos de intimidaci\u00f3n, incluso, destac\u00f3 que \u00e9l ha sufrido por lo menos tres atentados que ya fueron denunciados ante la Fiscal\u00eda General del Estado (FGE).<\/p>\n\n\n\n<p>S\u00e1nchez Esquivel habl\u00f3 en un primer instante sobre la agresi\u00f3n armada que sufri\u00f3 su compa\u00f1era Estrella de la Paz Bernal, cuyo domicilio fue baleado la jornada del domingo 7 de noviembre por personas desconocidas.<\/p>\n\n\n\n<p>Manifest\u00f3 que conf\u00eda en que la FGE, todav\u00eda a cargo del abogado Jorge Zuriel de los Santos Barrila habr\u00e1 de realizar lo que proceda, aunque s\u00ed destac\u00f3 que se trata de un acto completamente reprobable.<\/p>\n\n\n\n<p>Habl\u00f3 sobre la diputada De la Paz Bernal y refiri\u00f3: \u201cElla representa un segmento importante del estado de Guerrero, pues por medio de su voz se escuchan demandas de la sociedad, particularmente en el distrito 03 de Acapulco, nosotros vamos a estar atentos, repudiamos ese acto porque no es la ruta para hablar con una persona, no es la ruta para querer cambiar el proyecto de alguien\u201d.<\/p>\n\n\n\n<p>A pregunta expresa, dijo que no es el primer caso relacionado con una agresi\u00f3n en contra de un diputado integrante de la 63 Legislatura, hay por lo menos otro m\u00e1s y tambi\u00e9n parte de la fracci\u00f3n parlamentaria de Morena.<\/p>\n\n\n\n<p>Se reserv\u00f3 el derecho de mencionar quien es el segundo diputado agredido, pues se\u00f1al\u00f3 que este mismo le indic\u00f3 que prefer\u00eda que se manejara el asunto con mucha discreci\u00f3n.<\/p>\n\n\n\n<p>S\u00e1nchez Esquivel anot\u00f3: \u201cLo quiero dejar claro; por nuestra forma de pensar, por nuestra forma de actuar, por ser diferentes a la din\u00e1mica que se ha tenido, se ha agredido principalmente a diputados de Morena\u201d.<\/p>\n\n\n\n<p>Y como ejemplo puso su caso: \u201cEn la legislatura pasada yo tuve tres atentados, de ellas quedaron carpetas abiertas para que se investigara, no hicimos mayor se\u00f1alamiento y nos reservamos para evitar faramallas publicas, pero las autoridades iniciaron la investigaci\u00f3n correspondiente, algunas quedaron abiertas\u201d.<\/p>\n\n\n\n<p>Aunque son p\u00fablicas las diferencias que tiene con el dirigente de la Uni\u00f3n de Pueblos y Organizaciones del Estado de Guerrero (UPOEG), manifest\u00f3 que \u00e9l no ha entrado en controversia con la organizaci\u00f3n como tal, pues la Uni\u00f3n de Pueblos es muy amplia y tiene una composici\u00f3n muy heterog\u00e9nea.<\/p>\n\n\n\n<p>Sin embargo, dijo que las agresiones en su contra se han denunciado y en su momento, ser\u00e1n las autoridades las que procedan.<\/p>\n\n\n\n<p>Se abstuvo de abundar en el tema de su compa\u00f1era Estrella de la Paz, a partir del revuelo que hay en las redes sociales por la mala pronunciaci\u00f3n de los municipios del estado.<\/p>\n\n\n\n<p>\u201cEn redes sociales se emiten opiniones sin ninguna responsabilidad, ah\u00ed cualquiera puede ofender, denostar, humillar por alguna equivocaci\u00f3n, pero cuando se recibe una amenaza, un balazo en el domicilio las cosas se ven de una manera muy diferente\u201d, anot\u00f3.<\/p>\n","protected":false},"excerpt":{"rendered":"<p>&#8211; Cada caso fue denunciado ante la FGE y existen las carpetas de investigaci\u00f3n, se\u00f1ala Alfredo S\u00e1nchez Esquivel&#8211; Los ataques se registraron en la legislatura anterior&#8211; En la legislatura 63&hellip; <\/p>\n","protected":false},"author":1,"featured_media":37656,"comment_status":"open","ping_status":"open","sticky":false,"template":"","format":"standard","meta":{"fifu_image_url":"","fifu_image_alt":"","footnotes":""},"categories":[2],"tags":[],"class_list":["post-37655","post","type-post","status-publish","format-standard","has-post-thumbnail","hentry","category-congreso"],"_links":{"self":[{"href":"https:\/\/www.interaccionnoticias.com.mx\/index.php?rest_route=\/wp\/v2\/posts\/37655","targetHints":{"allow":["GET"]}}],"collection":[{"href":"https:\/\/www.interaccionnoticias.com.mx\/index.php?rest_route=\/wp\/v2\/posts"}],"about":[{"href":"https:\/\/www.interaccionnoticias.com.mx\/index.php?rest_route=\/wp\/v2\/types\/post"}],"author":[{"embeddable":true,"href":"https:\/\/www.interaccionnoticias.com.mx\/index.php?rest_route=\/wp\/v2\/users\/1"}],"replies":[{"embeddable":true,"href":"https:\/\/www.interaccionnoticias.com.mx\/index.php?rest_route=%2Fwp%2Fv2%2Fcomments&post=37655"}],"version-history":[{"count":0,"href":"https:\/\/www.interaccionnoticias.com.mx\/index.php?rest_route=\/wp\/v2\/posts\/37655\/revisions"}],"wp:featuredmedia":[{"embeddable":true,"href":"https:\/\/www.interaccionnoticias.com.mx\/index.php?rest_route=\/wp\/v2\/media\/37656"}],"wp:attachment":[{"href":"https:\/\/www.interaccionnoticias.com.mx\/index.php?rest_route=%2Fwp%2Fv2%2Fmedia&parent=37655"}],"wp:term":[{"taxonomy":"category","embeddable":true,"href":"https:\/\/www.interaccionnoticias.com.mx\/index.php?rest_route=%2Fwp%2Fv2%2Fcategories&post=37655"},{"taxonomy":"post_tag","embeddable":true,"href":"https:\/\/www.interaccionnoticias.com.mx\/index.php?rest_route=%2Fwp%2Fv2%2Ftags&post=37655"}],"curies":[{"name":"wp","href":"https:\/\/api.w.org\/{rel}","templated":true}]}}