{"id":37646,"date":"2021-11-08T11:50:00","date_gmt":"2021-11-08T17:50:00","guid":{"rendered":"http:\/\/www.inter-accion.com.mx\/?p=37646"},"modified":"2021-11-08T11:50:00","modified_gmt":"2021-11-08T17:50:00","slug":"37646","status":"publish","type":"post","link":"https:\/\/www.interaccionnoticias.com.mx\/?p=37646","title":{"rendered":"Evelyn Salgado: Totalmente en serio, erradicaci\u00f3n de venta de ni\u00f1as en Guerrero"},"content":{"rendered":"\n<p><em><strong>&#8211; El pr\u00f3ximo mi\u00e9rcoles, junto a la ONU Mujeres e Inmujer, presentar\u00e1n en la Monta\u00f1a la estrategia estatal para la erradicaci\u00f3n de esta pr\u00e1ctica, anticip\u00f3<\/strong><\/em><\/p>\n\n\n\n<p><strong>Vianey Ponce<\/strong><\/p>\n\n\n\n<p>La gobernadora Evelyn Salgado Pineda anticip\u00f3 que el pr\u00f3ximo mi\u00e9rcoles, junto con la Organizaci\u00f3n de las Naciones Unidas (ONU-Mujeres) y el Instituto Nacional de la Mujer (Inmujer) dar\u00e1n a conocer la estrategia estatal para atender el tema de la venta de ni\u00f1as que se padece en la regi\u00f3n Monta\u00f1a.<\/p>\n\n\n\n<p>Recalc\u00f3 que la venta de ni\u00f1as para matrimonios forzados en los municipios de la Monta\u00f1a, es una pr\u00e1ctica que se tiene que atacar de ra\u00edz, por lo que subray\u00f3 que los trabajos para lograr su erradicaci\u00f3n \u00abva totalmente en serio\u00bb.<\/p>\n\n\n\n<p>Ser\u00e1 el mi\u00e9rcoles 10 de noviembre, cuando las representaciones de ONU-Mujeres, la Federaci\u00f3n y el estado acudan al municipio de Tlapa de Comonfort, donde se firmar\u00e1 un acuerdo y se presentar\u00e1 el plan de trabajo para atacar dicha pr\u00e1ctica.<\/p>\n\n\n\n<p>As\u00ed lo confirm\u00f3 la gobernadora al termino de los honores a la bandera de este lunes 8 de noviembre, desde la sede del Poder Ejecutivo.<\/p>\n\n\n\n<p>En este encuentro, dijo que tambi\u00e9n participar\u00e1n los 21 presidentes y presidentas municipales que conforman la regi\u00f3n de la Monta\u00f1a.<\/p>\n\n\n\n<p>Salgado Pineda manifest\u00f3 que la pr\u00e1ctica denunciada, es una realidad que viven las mujeres en esa zona, la m\u00e1s marginada del estado, por ello enfatiz\u00f3: \u00abEs totalmente en serio\u00bb.<\/p>\n\n\n\n<p>Luego remarc\u00f3: \u00abNosotros no tenemos porque tapar absolutamente nada\u00bb.<\/p>\n","protected":false},"excerpt":{"rendered":"<p>&#8211; El pr\u00f3ximo mi\u00e9rcoles, junto a la ONU Mujeres e Inmujer, presentar\u00e1n en la Monta\u00f1a la estrategia estatal para la erradicaci\u00f3n de esta pr\u00e1ctica, anticip\u00f3 Vianey Ponce La gobernadora Evelyn&hellip; <\/p>\n","protected":false},"author":1,"featured_media":37647,"comment_status":"open","ping_status":"open","sticky":false,"template":"","format":"standard","meta":{"fifu_image_url":"","fifu_image_alt":"","footnotes":""},"categories":[11],"tags":[],"class_list":["post-37646","post","type-post","status-publish","format-standard","has-post-thumbnail","hentry","category-guerrero"],"_links":{"self":[{"href":"https:\/\/www.interaccionnoticias.com.mx\/index.php?rest_route=\/wp\/v2\/posts\/37646","targetHints":{"allow":["GET"]}}],"collection":[{"href":"https:\/\/www.interaccionnoticias.com.mx\/index.php?rest_route=\/wp\/v2\/posts"}],"about":[{"href":"https:\/\/www.interaccionnoticias.com.mx\/index.php?rest_route=\/wp\/v2\/types\/post"}],"author":[{"embeddable":true,"href":"https:\/\/www.interaccionnoticias.com.mx\/index.php?rest_route=\/wp\/v2\/users\/1"}],"replies":[{"embeddable":true,"href":"https:\/\/www.interaccionnoticias.com.mx\/index.php?rest_route=%2Fwp%2Fv2%2Fcomments&post=37646"}],"version-history":[{"count":0,"href":"https:\/\/www.interaccionnoticias.com.mx\/index.php?rest_route=\/wp\/v2\/posts\/37646\/revisions"}],"wp:featuredmedia":[{"embeddable":true,"href":"https:\/\/www.interaccionnoticias.com.mx\/index.php?rest_route=\/wp\/v2\/media\/37647"}],"wp:attachment":[{"href":"https:\/\/www.interaccionnoticias.com.mx\/index.php?rest_route=%2Fwp%2Fv2%2Fmedia&parent=37646"}],"wp:term":[{"taxonomy":"category","embeddable":true,"href":"https:\/\/www.interaccionnoticias.com.mx\/index.php?rest_route=%2Fwp%2Fv2%2Fcategories&post=37646"},{"taxonomy":"post_tag","embeddable":true,"href":"https:\/\/www.interaccionnoticias.com.mx\/index.php?rest_route=%2Fwp%2Fv2%2Ftags&post=37646"}],"curies":[{"name":"wp","href":"https:\/\/api.w.org\/{rel}","templated":true}]}}