{"id":37614,"date":"2021-11-05T16:49:59","date_gmt":"2021-11-05T22:49:59","guid":{"rendered":"http:\/\/www.inter-accion.com.mx\/?p=37614"},"modified":"2021-11-05T16:49:59","modified_gmt":"2021-11-05T22:49:59","slug":"37614","status":"publish","type":"post","link":"https:\/\/www.interaccionnoticias.com.mx\/?p=37614","title":{"rendered":"Otorgar el beneficio de la duda, pide l\u00edder parlamentario del PRI a favor de la diputada Estrella de la Paz"},"content":{"rendered":"\n<p><strong><em>&#8211; \u201cNo hay que estigmatizar, la legislatura apenas comienza\u201d, plantea H\u00e9ctor Apreza Patr\u00f3n<\/em><\/strong><\/p>\n\n\n\n<p><strong>Rogelio Agust\u00edn<\/strong><\/p>\n\n\n\n<p>El coordinador de la fracci\u00f3n parlamentaria del PRI en el Congreso local, H\u00e9ctor Apreza Patr\u00f3n consider\u00f3 importante otorgar el beneficio de la duda a la diputada morenista Estrella de la Paz Bernal, quien ha sido objeto de cr\u00edticas en redes sociales, a partir de las equivocaciones registradas durante la lectura de los municipios que integran al estado de Guerrero.<\/p>\n\n\n\n<p>De primera instancia, Apreza Patr\u00f3n reconoci\u00f3 que la 63 Legislatura est\u00e1 caracterizada por integrarse por primera ocasi\u00f3n de manera paritaria, en la que hombres y mujeres ocupan exactamente el mismo n\u00famero de curules.<\/p>\n\n\n\n<p>M\u00e1s a\u00fan, en esta legislatura se tiene a representantes populares sumamente j\u00f3venes, a los que indic\u00f3, no se debe estigmatizar por una equivocaci\u00f3n generada en la primera lectura que se tiene ante el Pleno.<\/p>\n\n\n\n<p>\u201cLa Tribuna impone\u201d, se\u00f1al\u00f3 quien ha sido presidente de la Junta de Coordinaci\u00f3n Pol\u00edtica (Jucopo) en dos ocasiones, quien sostiene que todo legislador tiene en la memoria la comisi\u00f3n de alg\u00fan gazapo, \u201cpues nadie est\u00e1 exento de cometer equivocaciones\u201d.<\/p>\n\n\n\n<p>En esa parte, record\u00f3 que la representante popular de referencia es secretaria Suplente en la Mesa Directiva del Congreso, ya que el titular en dicho espacio es su compa\u00f1ero de bancada Joaqu\u00edn Vadillo, quien de manera imprevista se tuvo que ausentar en la sesi\u00f3n del jueves 4 de noviembre.<br>Al no estar preparada para asumir dicha responsabilidad, dijo que seguramente hubo alg\u00fan problema generado por el nerviosismo.<\/p>\n\n\n\n<p>En todo caso, dijo que la diputada de la Paz Bernal fue electa por el voto universal secreto y directo en el distrito 03 de Acapulco, de tal suerte que para llegar al Congreso recibi\u00f3 el respaldo de un n\u00famero importante de electores, los que seguramente conocen el trabajo realizado en campo.<br>Consider\u00f3 importante se\u00f1alar que la 63 Legislatura apenas comienza, de tal suerte que los diputados est\u00e1n en la ruta de aprender y corregir errores, incluso los que se conoce que tienen experiencia en el \u00e1rea.<\/p>\n\n\n\n<p>Tambi\u00e9n se\u00f1al\u00f3 que la diputada De la Paz preside una comisi\u00f3n sumamente importante que es la de Presupuesto y Cuenta P\u00fablica, que en las pr\u00f3ximas semanas va a jugar un papel sumamente importante para el estado de Guerrero, en donde en realidad se podr\u00e1 hacer una valoraci\u00f3n de su desempe\u00f1o.<\/p>\n\n\n\n<p>Si bien el video que contiene las equivocaciones de la diputada se ha viralizado de manera importante, destac\u00f3 que no se puede estigmatizar a un representante popular por un momento de nervios.<\/p>\n\n\n\n<p>\u201cNo me gusta tomar parte del escarnio, no creo que sea correcto avanzar en esa ruta y se debe otorgar el beneficio de la duda, el voto de confianza en el sentido de que tendr\u00e1 un muy buen desempe\u00f1o en lo que resta de la legislatura, no es momento de alentar el descr\u00e9dito entre los compa\u00f1eros legisladores, el proceso electoral ya pas\u00f3, nuestro proyecto com\u00fan es Guerrero\u201d, dijo el coordinador de la bancada del tricolor y secretario de la Jucopo.<\/p>\n\n\n\n<p>M\u00e1s all\u00e1 de hacer objeto de escarnio a la diputada por Morena, Apreza Patr\u00f3n sostiene que se debe cerrar filas en torno a temas que en realidad son importantes para el Congreso, entre ellos el presupuesto de egresos 2022, las leyes de ingresos de los municipios, el nombramiento del titular de la Fiscal\u00eda General del Estado (FGE) y del nuevo responsable de la Auditor\u00eda Superior del Estado (ASE).<\/p>\n","protected":false},"excerpt":{"rendered":"<p>&#8211; \u201cNo hay que estigmatizar, la legislatura apenas comienza\u201d, plantea H\u00e9ctor Apreza Patr\u00f3n Rogelio Agust\u00edn El coordinador de la fracci\u00f3n parlamentaria del PRI en el Congreso local, H\u00e9ctor Apreza Patr\u00f3n&hellip; <\/p>\n","protected":false},"author":1,"featured_media":37615,"comment_status":"open","ping_status":"open","sticky":false,"template":"","format":"standard","meta":{"fifu_image_url":"","fifu_image_alt":"","footnotes":""},"categories":[2],"tags":[],"class_list":["post-37614","post","type-post","status-publish","format-standard","has-post-thumbnail","hentry","category-congreso"],"_links":{"self":[{"href":"https:\/\/www.interaccionnoticias.com.mx\/index.php?rest_route=\/wp\/v2\/posts\/37614","targetHints":{"allow":["GET"]}}],"collection":[{"href":"https:\/\/www.interaccionnoticias.com.mx\/index.php?rest_route=\/wp\/v2\/posts"}],"about":[{"href":"https:\/\/www.interaccionnoticias.com.mx\/index.php?rest_route=\/wp\/v2\/types\/post"}],"author":[{"embeddable":true,"href":"https:\/\/www.interaccionnoticias.com.mx\/index.php?rest_route=\/wp\/v2\/users\/1"}],"replies":[{"embeddable":true,"href":"https:\/\/www.interaccionnoticias.com.mx\/index.php?rest_route=%2Fwp%2Fv2%2Fcomments&post=37614"}],"version-history":[{"count":0,"href":"https:\/\/www.interaccionnoticias.com.mx\/index.php?rest_route=\/wp\/v2\/posts\/37614\/revisions"}],"wp:featuredmedia":[{"embeddable":true,"href":"https:\/\/www.interaccionnoticias.com.mx\/index.php?rest_route=\/wp\/v2\/media\/37615"}],"wp:attachment":[{"href":"https:\/\/www.interaccionnoticias.com.mx\/index.php?rest_route=%2Fwp%2Fv2%2Fmedia&parent=37614"}],"wp:term":[{"taxonomy":"category","embeddable":true,"href":"https:\/\/www.interaccionnoticias.com.mx\/index.php?rest_route=%2Fwp%2Fv2%2Fcategories&post=37614"},{"taxonomy":"post_tag","embeddable":true,"href":"https:\/\/www.interaccionnoticias.com.mx\/index.php?rest_route=%2Fwp%2Fv2%2Ftags&post=37614"}],"curies":[{"name":"wp","href":"https:\/\/api.w.org\/{rel}","templated":true}]}}