{"id":37544,"date":"2021-11-03T18:36:52","date_gmt":"2021-11-04T00:36:52","guid":{"rendered":"http:\/\/www.inter-accion.com.mx\/?p=37544"},"modified":"2021-11-03T18:36:52","modified_gmt":"2021-11-04T00:36:52","slug":"37544","status":"publish","type":"post","link":"https:\/\/www.interaccionnoticias.com.mx\/?p=37544","title":{"rendered":"Nominan App de la fiscal\u00eda dr Guerrero a premio internacional de innovaci\u00f3n"},"content":{"rendered":"\n<p><strong><em>&#8211; Aplicaci\u00f3n para m\u00e1s de 100 mil personas<br>&#8211; Premio avalado por la Cumbre Mundial de Comunicaci\u00f3n Pol\u00edtica<\/em><\/strong><\/p>\n\n\n\n<p><strong>Javier Trujillo<\/strong><\/p>\n\n\n\n<p><strong>Acapulco, Gro.-<\/strong> De entre 13 pa\u00edses, la aplicaci\u00f3n de la Fiscal\u00eda General del Estado de Guerrero, M\u00e9xico, result\u00f3 nominado a la Iniciativa TIC Incluyente e innovadora para m\u00e1s de cien mil personas.<\/p>\n\n\n\n<p>Esta categor\u00eda premia a todos aquellos que han elaborado iniciativas TIC que a trav\u00e9s de la innovaci\u00f3n potencian la interconexi\u00f3n ciudadana, la satisfacci\u00f3n de demandas ciudadanas y p\u00fablicas, as\u00ed como una mejor conexi\u00f3n y comunicaci\u00f3n con los entes de gobierno.<\/p>\n\n\n\n<p>Dicha nominaci\u00f3n ha sido el resultado de la adoptaci\u00f3n tecnol\u00f3gica por parte de la Fiscal\u00eda guerrerense para eficientar los procesos y tr\u00e1mites en la instituci\u00f3n.<\/p>\n\n\n\n<p>Cabe destacar que la aplicaci\u00f3n m\u00f3vil de la Fiscal\u00eda es considerada como la mejor a nivel nacional.<\/p>\n\n\n\n<p>Lo anterior, debido a sus m\u00faltiples funciones que permiten agilizar tr\u00e1mites y demandas de la ciudadan\u00eda, as\u00ed como sus m\u00faltiples opciones para el usuario como el bot\u00f3n de p\u00e1nico, denuncias an\u00f3nimas, ubicaci\u00f3n de ministerios p\u00fablicos, consultar si un veh\u00edculo es robado o recuperado, n\u00fameros de extorsi\u00f3n, agendar citas, emisi\u00f3n de constancia por robo o p\u00e9rdida de documentos u objetos.<\/p>\n\n\n\n<p>Con lo anterior, se est\u00e1 poniendo al Estado de Guerrero a la vanguardia en avances tecnol\u00f3gicos relacionados en eficientar las instituciones gubernamentales.<\/p>\n\n\n\n<p>En otras categor\u00edas de dichos premios resaltan la nominaci\u00f3n de los gobernadores de los estados de Hidalgo y Coahuila, Omar Fayad y Miguel Riquelme, respectivamente as\u00ed como de diferentes consultores como es el caso de la mexicana Clara Villarreal.<\/p>\n\n\n\n<p>La premiaci\u00f3n se realizar\u00e1 en Colombia el pr\u00f3ximo 17 de noviembre, en el hotel Intercontinental en la ciudad de Cali, reconociendo a las pr\u00e1cticas m\u00e1s innovadoras en la Pol\u00edtica Iberoamericana.<\/p>\n\n\n\n<p>Los premios \u201cINNOPOLITICA\u201d son avalados y promovidos por la Cumbre Mundial de Comunicaci\u00f3n Pol\u00edtica, los cuales elogian el esfuerzo, la dedicaci\u00f3n y el m\u00e9rito de entes gubernamentales, pol\u00edticos, funcionarios p\u00fablicos, consultores y acad\u00e9micos, exaltando el orgullo y la satisfacci\u00f3n de ser los mejores seg\u00fan sea el tema, estos son reconocidos a nivel Iberoam\u00e9rica y participan pa\u00edses como: Argentina, Espa\u00f1a, Colombia, Chile, Per\u00fa, Ecuador, Rep\u00fablica Dominicana, El Salvador, Puerto Rico, Paraguay, Guatemala y M\u00e9xico.<\/p>\n","protected":false},"excerpt":{"rendered":"<p>&#8211; Aplicaci\u00f3n para m\u00e1s de 100 mil personas&#8211; Premio avalado por la Cumbre Mundial de Comunicaci\u00f3n Pol\u00edtica Javier Trujillo Acapulco, Gro.- De entre 13 pa\u00edses, la aplicaci\u00f3n de la Fiscal\u00eda&hellip; <\/p>\n","protected":false},"author":1,"featured_media":37539,"comment_status":"open","ping_status":"open","sticky":false,"template":"","format":"standard","meta":{"fifu_image_url":"","fifu_image_alt":"","footnotes":""},"categories":[29],"tags":[],"class_list":["post-37544","post","type-post","status-publish","format-standard","has-post-thumbnail","hentry","category-sociedad"],"_links":{"self":[{"href":"https:\/\/www.interaccionnoticias.com.mx\/index.php?rest_route=\/wp\/v2\/posts\/37544","targetHints":{"allow":["GET"]}}],"collection":[{"href":"https:\/\/www.interaccionnoticias.com.mx\/index.php?rest_route=\/wp\/v2\/posts"}],"about":[{"href":"https:\/\/www.interaccionnoticias.com.mx\/index.php?rest_route=\/wp\/v2\/types\/post"}],"author":[{"embeddable":true,"href":"https:\/\/www.interaccionnoticias.com.mx\/index.php?rest_route=\/wp\/v2\/users\/1"}],"replies":[{"embeddable":true,"href":"https:\/\/www.interaccionnoticias.com.mx\/index.php?rest_route=%2Fwp%2Fv2%2Fcomments&post=37544"}],"version-history":[{"count":0,"href":"https:\/\/www.interaccionnoticias.com.mx\/index.php?rest_route=\/wp\/v2\/posts\/37544\/revisions"}],"wp:featuredmedia":[{"embeddable":true,"href":"https:\/\/www.interaccionnoticias.com.mx\/index.php?rest_route=\/wp\/v2\/media\/37539"}],"wp:attachment":[{"href":"https:\/\/www.interaccionnoticias.com.mx\/index.php?rest_route=%2Fwp%2Fv2%2Fmedia&parent=37544"}],"wp:term":[{"taxonomy":"category","embeddable":true,"href":"https:\/\/www.interaccionnoticias.com.mx\/index.php?rest_route=%2Fwp%2Fv2%2Fcategories&post=37544"},{"taxonomy":"post_tag","embeddable":true,"href":"https:\/\/www.interaccionnoticias.com.mx\/index.php?rest_route=%2Fwp%2Fv2%2Ftags&post=37544"}],"curies":[{"name":"wp","href":"https:\/\/api.w.org\/{rel}","templated":true}]}}