{"id":37474,"date":"2021-11-02T19:00:00","date_gmt":"2021-11-03T01:00:00","guid":{"rendered":"http:\/\/www.inter-accion.com.mx\/?p=37474"},"modified":"2021-11-02T19:00:00","modified_gmt":"2021-11-03T01:00:00","slug":"37474","status":"publish","type":"post","link":"https:\/\/www.interaccionnoticias.com.mx\/?p=37474","title":{"rendered":"Se registran bajas ventas en esta temporada de D\u00eda de Muertos para las panificadoras"},"content":{"rendered":"\n<p><strong>Rosario Garc\u00eda Orozco<\/strong><\/p>\n\n\n\n<p><strong>Chilpancingo, Gro., 2 de noviembre del 2021.-<\/strong> Propietarios de panificadoras en Chilpancingo, se quejaron de las baja ventas durante esta celebraci\u00f3n de D\u00eda de Muertos.<\/p>\n\n\n\n<p>Explicaron que desde 2020 esperaban la reapertura econ\u00f3mica para poder expender sus productos a la ciudadan\u00eda que acostumbra a colocar \u201csu altar\u201d para esperar a seres queridos que se adelantaron en el camino en sus hogares, pero no ha sido posible esa realidad esperada, manifestaron.<\/p>\n\n\n\n<p>Reconocieron qu\u00e9 ha habido ventas en distintos espacios, como el mercado Baltasar R. Leyva Mancilla, en donde la mayor\u00eda de los panaderos expende sus productos, \u201cpero las ventas no fueron lo que esperaban\u201d.<\/p>\n\n\n\n<p>Mencionaron que desde el domingo se esperaba que las ventas incrementaran \u201cy pudi\u00e9ramos recuperar algo de las afectaciones que hemos tenido por la pandemia, porque hace un a\u00f1o no pudimos vender bien\u201d.<\/p>\n\n\n\n<p>Lamentaron que se siga dando el incremento de precios en los insumos como el huevo, la harina, la manteca y el gas lp, entre otros productos que se utilizan para la elaboraci\u00f3n del pan y que repercute en el precio al cliente, quien a su vez se queja en algunas ocasiones.<\/p>\n\n\n\n<p>\u201cLa gente piensa que se gana mucho al pan, pero no es as\u00ed, tenemos que pagar todos los insumos que en los \u00faltimos d\u00edas han tenido un incremento considerable de precios, ya esto s\u00famele la competencia desleal que existe en el gremio de los panaderos que casi regalan su trabajo por el bajo precio que dan\u201d, se\u00f1al\u00f3.<\/p>\n","protected":false},"excerpt":{"rendered":"<p>Rosario Garc\u00eda Orozco Chilpancingo, Gro., 2 de noviembre del 2021.- Propietarios de panificadoras en Chilpancingo, se quejaron de las baja ventas durante esta celebraci\u00f3n de D\u00eda de Muertos. Explicaron que&hellip; <\/p>\n","protected":false},"author":1,"featured_media":37475,"comment_status":"open","ping_status":"open","sticky":false,"template":"","format":"standard","meta":{"fifu_image_url":"","fifu_image_alt":"","footnotes":""},"categories":[29],"tags":[],"class_list":["post-37474","post","type-post","status-publish","format-standard","has-post-thumbnail","hentry","category-sociedad"],"_links":{"self":[{"href":"https:\/\/www.interaccionnoticias.com.mx\/index.php?rest_route=\/wp\/v2\/posts\/37474","targetHints":{"allow":["GET"]}}],"collection":[{"href":"https:\/\/www.interaccionnoticias.com.mx\/index.php?rest_route=\/wp\/v2\/posts"}],"about":[{"href":"https:\/\/www.interaccionnoticias.com.mx\/index.php?rest_route=\/wp\/v2\/types\/post"}],"author":[{"embeddable":true,"href":"https:\/\/www.interaccionnoticias.com.mx\/index.php?rest_route=\/wp\/v2\/users\/1"}],"replies":[{"embeddable":true,"href":"https:\/\/www.interaccionnoticias.com.mx\/index.php?rest_route=%2Fwp%2Fv2%2Fcomments&post=37474"}],"version-history":[{"count":0,"href":"https:\/\/www.interaccionnoticias.com.mx\/index.php?rest_route=\/wp\/v2\/posts\/37474\/revisions"}],"wp:featuredmedia":[{"embeddable":true,"href":"https:\/\/www.interaccionnoticias.com.mx\/index.php?rest_route=\/wp\/v2\/media\/37475"}],"wp:attachment":[{"href":"https:\/\/www.interaccionnoticias.com.mx\/index.php?rest_route=%2Fwp%2Fv2%2Fmedia&parent=37474"}],"wp:term":[{"taxonomy":"category","embeddable":true,"href":"https:\/\/www.interaccionnoticias.com.mx\/index.php?rest_route=%2Fwp%2Fv2%2Fcategories&post=37474"},{"taxonomy":"post_tag","embeddable":true,"href":"https:\/\/www.interaccionnoticias.com.mx\/index.php?rest_route=%2Fwp%2Fv2%2Ftags&post=37474"}],"curies":[{"name":"wp","href":"https:\/\/api.w.org\/{rel}","templated":true}]}}