{"id":37454,"date":"2021-11-02T15:27:00","date_gmt":"2021-11-02T21:27:00","guid":{"rendered":"http:\/\/www.inter-accion.com.mx\/?p=37454"},"modified":"2021-11-02T15:27:00","modified_gmt":"2021-11-02T21:27:00","slug":"37454","status":"publish","type":"post","link":"https:\/\/www.interaccionnoticias.com.mx\/?p=37454","title":{"rendered":"Vigila la Polic\u00eda Estatal panteones, carreteras y playas de Guerrero por \u201cD\u00eda de Muertos\u201d"},"content":{"rendered":"\n<p><strong>Chilpancingo, Guerrero, 02 de noviembre de 2021.-<\/strong> Personal de la Polic\u00eda y Tr\u00e1nsito Estatal contin\u00faan con la vigilancia y atenci\u00f3n ciudadana en todas las regiones del estado, esto como parte del Operativo de Seguridad por el D\u00eda de Muertos que finaliza la noche de ma\u00f1ana 03 de noviembre.<\/p>\n\n\n\n<p>Por indicaci\u00f3n del Secretario de Seguridad P\u00fablica Estatal Evelio M\u00e9ndez G\u00f3mez, tambi\u00e9n se mantienen las acciones de proximidad social, en donde participa personal de la Direcci\u00f3n General de Prevenci\u00f3n Social del Delito, Unidad de G\u00e9nero y la Polic\u00eda Montada con apoyo de binomios caninos.<\/p>\n\n\n\n<p>La vigilancia se reforz\u00f3 desde los primeros minutos de este martes en los distintos panteones municipales por ser el d\u00eda en el que se registra una mayor presencia de personas.<\/p>\n\n\n\n<p>Al igual que en las zonas de playa, sitios tur\u00edsticos, carreteras y la Autopista del Sol por una importante afluencia en este \u00faltimo d\u00eda del puente vacacional de D\u00eda de Muertos.<\/p>\n\n\n\n<p>El personal de la Polic\u00eda Estatal y de sus distintas Unidades Especiales, en coordinaci\u00f3n con autoridades civiles y militares, tambi\u00e9n atienden las zonas m\u00e1s concurridas de los municipios de Acapulco, Zihuatanejo, Iguala, Chilpancingo, Taxco de Alarc\u00f3n, Tlapa, Ometepec y Coyuca de Catal\u00e1n.<\/p>\n\n\n\n<p>Todas estas acciones de la Secretar\u00eda de Seguridad P\u00fablica Estatal siguen las indicaciones de la Gobernadora, Evelyn Salgado Pineda.<\/p>\n","protected":false},"excerpt":{"rendered":"<p>Chilpancingo, Guerrero, 02 de noviembre de 2021.- Personal de la Polic\u00eda y Tr\u00e1nsito Estatal contin\u00faan con la vigilancia y atenci\u00f3n ciudadana en todas las regiones del estado, esto como parte&hellip; <\/p>\n","protected":false},"author":1,"featured_media":37436,"comment_status":"open","ping_status":"open","sticky":false,"template":"","format":"standard","meta":{"fifu_image_url":"","fifu_image_alt":"","footnotes":""},"categories":[11],"tags":[],"class_list":["post-37454","post","type-post","status-publish","format-standard","has-post-thumbnail","hentry","category-guerrero"],"_links":{"self":[{"href":"https:\/\/www.interaccionnoticias.com.mx\/index.php?rest_route=\/wp\/v2\/posts\/37454","targetHints":{"allow":["GET"]}}],"collection":[{"href":"https:\/\/www.interaccionnoticias.com.mx\/index.php?rest_route=\/wp\/v2\/posts"}],"about":[{"href":"https:\/\/www.interaccionnoticias.com.mx\/index.php?rest_route=\/wp\/v2\/types\/post"}],"author":[{"embeddable":true,"href":"https:\/\/www.interaccionnoticias.com.mx\/index.php?rest_route=\/wp\/v2\/users\/1"}],"replies":[{"embeddable":true,"href":"https:\/\/www.interaccionnoticias.com.mx\/index.php?rest_route=%2Fwp%2Fv2%2Fcomments&post=37454"}],"version-history":[{"count":0,"href":"https:\/\/www.interaccionnoticias.com.mx\/index.php?rest_route=\/wp\/v2\/posts\/37454\/revisions"}],"wp:featuredmedia":[{"embeddable":true,"href":"https:\/\/www.interaccionnoticias.com.mx\/index.php?rest_route=\/wp\/v2\/media\/37436"}],"wp:attachment":[{"href":"https:\/\/www.interaccionnoticias.com.mx\/index.php?rest_route=%2Fwp%2Fv2%2Fmedia&parent=37454"}],"wp:term":[{"taxonomy":"category","embeddable":true,"href":"https:\/\/www.interaccionnoticias.com.mx\/index.php?rest_route=%2Fwp%2Fv2%2Fcategories&post=37454"},{"taxonomy":"post_tag","embeddable":true,"href":"https:\/\/www.interaccionnoticias.com.mx\/index.php?rest_route=%2Fwp%2Fv2%2Ftags&post=37454"}],"curies":[{"name":"wp","href":"https:\/\/api.w.org\/{rel}","templated":true}]}}