{"id":37430,"date":"2021-11-02T14:11:13","date_gmt":"2021-11-02T20:11:13","guid":{"rendered":"http:\/\/www.inter-accion.com.mx\/?p=37430"},"modified":"2021-11-02T14:11:13","modified_gmt":"2021-11-02T20:11:13","slug":"37430","status":"publish","type":"post","link":"https:\/\/www.interaccionnoticias.com.mx\/?p=37430","title":{"rendered":"Los muertos sin altar en Guerrero"},"content":{"rendered":"\n<p><strong><em>&#8211; Hay por lo menos mil 300 cad\u00e1veres sin identificar en diferentes instalaciones del Semefo<br><\/em><\/strong>\u00a0<br><strong>Jes\u00fas Dorantes<\/strong><br>\u00a0<br><strong>Chilpancingo, Gro.-<\/strong> En el estado de Guerrero existen por lo menos mil 300 muertos que este a\u00f1o no recibieron ofrenda ni las \u00a0fotograf\u00edas de sus rostros fueron colocadas en altares,\u00a0 porque sus cuerpos permanecen como desconocidos, en alguna instalaci\u00f3n del Servicio M\u00e9dico Forense (SEMEFO).<br>\u00a0<br>En la entidad se tienen casos emblem\u00e1ticos, como la desaparici\u00f3n de los 43 normalistas de Ayotzinapa el 26 de septiembre de 2014, fecha en la que iniciaron b\u00fasquedas en fosas clandestinas en diferentes regiones de la entidad, que \u00a0destaparon una realidad qu\u00e9 se hab\u00eda convertido en un secreto a voces por varios a\u00f1os.<br>\u00a0<br>Hace cinco a\u00f1os en las instalaciones del congreso local, Ina Zoon coordinadora de Proyectos de Justicia Penal para Am\u00e9rica Latina, de la organizaci\u00f3n\u00a0Open Society Justice Initiative calific\u00f3 al estado como \u201cFosalandia\u201d, termin\u00f3 que asegur\u00f3, era usado en distintos puntos de Europa por la cifra de 20 mil muertos registrados de 2005 al 2015.<br>\u00a0<br>En la actualidad, debido a los hallazgos en fosas, las disputas territorial entre grupos del crimen organizado, as\u00f3 como accidentes, las instalaciones del SEMEFO en los municipios de Iguala, Acapulco y Chilpancingo se encuentran al l\u00edmite de su capacidad, contando con una cifra de 660 cuerpos en las c\u00e1maras frigor\u00edficas que durante la jornada del 2 de Noviembre del 2021 no recibieron ning\u00fan tipo de ofrenda como es tradici\u00f3n en todo el pa\u00eds.<br>\u00a0<br>Misma suerte corren los 166 cuerpos que se encuentran en la osteoteca ubicada en el municipio de Chilpancingo y los 497 muertos \u00a0en el Cementerio Estatal Forense que ya tienen \u00a0u carpeta de identificaci\u00f3n para poder cotejar los datos gen\u00e9ticos con sus familiares, que en varios casos contin\u00faan en la b\u00fasqueda de su paradero y con la esperanza de encontrarlos con vida.<br>\u00a0<br>C\u00f3mo en caso de Margarito Ram\u00edrez, padre de Carlos Iv\u00e1n Ram\u00edrez, uno de los estudiantes desaparecidos en Iguala de la independencia y que durante su intervenci\u00f3n en el s\u00e9ptimo Aniversario de los hechos del 26 de septiembre, asegur\u00f3 que algunos cuentan con la dicha de por lo menos saber d\u00f3nde quedaron sus hijos y tener un lugar donde llorarles y llevarles una flor.<br>Muchas familias no localizan a\u00fan a sus seres queridos, mientras la lista de cad\u00e1veres no reclamados crece en alguna de las instalaciones del forense.<\/p>\n","protected":false},"excerpt":{"rendered":"<p>&#8211; Hay por lo menos mil 300 cad\u00e1veres sin identificar en diferentes instalaciones del Semefo\u00a0Jes\u00fas Dorantes\u00a0Chilpancingo, Gro.- En el estado de Guerrero existen por lo menos mil 300 muertos que&hellip; <\/p>\n","protected":false},"author":1,"featured_media":37431,"comment_status":"open","ping_status":"open","sticky":false,"template":"","format":"standard","meta":{"fifu_image_url":"","fifu_image_alt":"","footnotes":""},"categories":[27],"tags":[],"class_list":["post-37430","post","type-post","status-publish","format-standard","has-post-thumbnail","hentry","category-seguridad-publica"],"_links":{"self":[{"href":"https:\/\/www.interaccionnoticias.com.mx\/index.php?rest_route=\/wp\/v2\/posts\/37430","targetHints":{"allow":["GET"]}}],"collection":[{"href":"https:\/\/www.interaccionnoticias.com.mx\/index.php?rest_route=\/wp\/v2\/posts"}],"about":[{"href":"https:\/\/www.interaccionnoticias.com.mx\/index.php?rest_route=\/wp\/v2\/types\/post"}],"author":[{"embeddable":true,"href":"https:\/\/www.interaccionnoticias.com.mx\/index.php?rest_route=\/wp\/v2\/users\/1"}],"replies":[{"embeddable":true,"href":"https:\/\/www.interaccionnoticias.com.mx\/index.php?rest_route=%2Fwp%2Fv2%2Fcomments&post=37430"}],"version-history":[{"count":0,"href":"https:\/\/www.interaccionnoticias.com.mx\/index.php?rest_route=\/wp\/v2\/posts\/37430\/revisions"}],"wp:featuredmedia":[{"embeddable":true,"href":"https:\/\/www.interaccionnoticias.com.mx\/index.php?rest_route=\/wp\/v2\/media\/37431"}],"wp:attachment":[{"href":"https:\/\/www.interaccionnoticias.com.mx\/index.php?rest_route=%2Fwp%2Fv2%2Fmedia&parent=37430"}],"wp:term":[{"taxonomy":"category","embeddable":true,"href":"https:\/\/www.interaccionnoticias.com.mx\/index.php?rest_route=%2Fwp%2Fv2%2Fcategories&post=37430"},{"taxonomy":"post_tag","embeddable":true,"href":"https:\/\/www.interaccionnoticias.com.mx\/index.php?rest_route=%2Fwp%2Fv2%2Ftags&post=37430"}],"curies":[{"name":"wp","href":"https:\/\/api.w.org\/{rel}","templated":true}]}}