{"id":37376,"date":"2021-10-31T19:46:08","date_gmt":"2021-11-01T01:46:08","guid":{"rendered":"http:\/\/www.inter-accion.com.mx\/?p=37376"},"modified":"2021-10-31T19:46:08","modified_gmt":"2021-11-01T01:46:08","slug":"37376","status":"publish","type":"post","link":"https:\/\/www.interaccionnoticias.com.mx\/?p=37376","title":{"rendered":"Derechos Humanos condena el asesinato del foto-periodista Alfredo Cardozo"},"content":{"rendered":"\n<p><strong>&#8211; Pide a las autoridades correspondientes que se haga justicia<\/strong><\/p>\n\n\n\n<p><strong>Rogelio Agust\u00edn<\/strong><\/p>\n\n\n\n<p><strong>Chilpancingo, Guerrero, a 31 de octubre de 2021.- <\/strong>La Comisi\u00f3n de los Derechos Humanos del Estado de Guerrero (CDHEG) conden\u00f3 el homicidio cometido en agravio del periodista Alfredo Cardoso Echeverr\u00eda, quien fuera privado de la vida por un grupo de civiles armados en el puerto de Acapulco.<\/p>\n\n\n\n<p>La CDHEG que preside Cecilia Narciso Gaytan, manifiesta su oposici\u00f3n ante cualquier tipo de actos que atenten contra la libertad de expresi\u00f3n y laceren los derechos de las y los periodistas.<\/p>\n\n\n\n<p>En un comunicado emitido la noche del domingo 31 de octubre, la CDHEG solicit\u00f3 a las autoridades correspondientes, que atiendan las denuncias de las y los familiares que reclaman justicia, para efecto de que se lleven a cabo las investigaciones correspondientes y se sancione conforme a derecho a quienes resulten responsables.<\/p>\n\n\n\n<p>Solicit\u00f3 que se aplique la ley y se procure el derecho a la atenci\u00f3n de las v\u00edctimas directas e indirectas, as\u00ed como la garant\u00eda de no repetici\u00f3n.<\/p>\n\n\n\n<p>En el documento, Derechos Humanos refiere: \u201cEs importante y urgente que las autoridades de los tres niveles de gobierno, generen condiciones para garantizar el ejercicio pleno del periodismo en el Estado de Guerrero, la libertad de expresi\u00f3n, la integridad y la vida de quienes ejercen tan importante profesi\u00f3n, tomando en cuenta que la actividad period\u00edstica es fundamental para consolidar un estado democr\u00e1tico\u201d.<\/p>\n\n\n\n<p>Reiter\u00f3 la disposici\u00f3n del organismo para brindar todo el acompa\u00f1amiento y asesoramiento jur\u00eddico a las y los familiares de Alfredo Cardoso Echeverr\u00eda.<\/p>\n\n\n\n<p>Tambi\u00e9n se dio a conocer que la delegaci\u00f3n de Acapulco apertur\u00f3 de manera oficiosa un expediente de queja, con motivo de los hechos antes se\u00f1alados, a los que se anota, se dar\u00e1 el puntual seguimiento.<\/p>\n","protected":false},"excerpt":{"rendered":"<p>&#8211; Pide a las autoridades correspondientes que se haga justicia Rogelio Agust\u00edn Chilpancingo, Guerrero, a 31 de octubre de 2021.- La Comisi\u00f3n de los Derechos Humanos del Estado de Guerrero&hellip; <\/p>\n","protected":false},"author":1,"featured_media":37372,"comment_status":"open","ping_status":"open","sticky":false,"template":"","format":"standard","meta":{"fifu_image_url":"","fifu_image_alt":"","footnotes":""},"categories":[29],"tags":[],"class_list":["post-37376","post","type-post","status-publish","format-standard","has-post-thumbnail","hentry","category-sociedad"],"_links":{"self":[{"href":"https:\/\/www.interaccionnoticias.com.mx\/index.php?rest_route=\/wp\/v2\/posts\/37376","targetHints":{"allow":["GET"]}}],"collection":[{"href":"https:\/\/www.interaccionnoticias.com.mx\/index.php?rest_route=\/wp\/v2\/posts"}],"about":[{"href":"https:\/\/www.interaccionnoticias.com.mx\/index.php?rest_route=\/wp\/v2\/types\/post"}],"author":[{"embeddable":true,"href":"https:\/\/www.interaccionnoticias.com.mx\/index.php?rest_route=\/wp\/v2\/users\/1"}],"replies":[{"embeddable":true,"href":"https:\/\/www.interaccionnoticias.com.mx\/index.php?rest_route=%2Fwp%2Fv2%2Fcomments&post=37376"}],"version-history":[{"count":0,"href":"https:\/\/www.interaccionnoticias.com.mx\/index.php?rest_route=\/wp\/v2\/posts\/37376\/revisions"}],"wp:featuredmedia":[{"embeddable":true,"href":"https:\/\/www.interaccionnoticias.com.mx\/index.php?rest_route=\/wp\/v2\/media\/37372"}],"wp:attachment":[{"href":"https:\/\/www.interaccionnoticias.com.mx\/index.php?rest_route=%2Fwp%2Fv2%2Fmedia&parent=37376"}],"wp:term":[{"taxonomy":"category","embeddable":true,"href":"https:\/\/www.interaccionnoticias.com.mx\/index.php?rest_route=%2Fwp%2Fv2%2Fcategories&post=37376"},{"taxonomy":"post_tag","embeddable":true,"href":"https:\/\/www.interaccionnoticias.com.mx\/index.php?rest_route=%2Fwp%2Fv2%2Ftags&post=37376"}],"curies":[{"name":"wp","href":"https:\/\/api.w.org\/{rel}","templated":true}]}}