{"id":37339,"date":"2021-10-28T19:28:36","date_gmt":"2021-10-29T00:28:36","guid":{"rendered":"http:\/\/www.inter-accion.com.mx\/?p=37339"},"modified":"2021-10-28T19:28:36","modified_gmt":"2021-10-29T00:28:36","slug":"37339","status":"publish","type":"post","link":"https:\/\/www.interaccionnoticias.com.mx\/?p=37339","title":{"rendered":"El Congreso debe lanzar una convocatoria para designar al pr\u00f3ximo titular de la FGE"},"content":{"rendered":"\n<p><strong><em>&#8211; A partir de que entre en vigor la licencia de Jorge Zuriel de los Santos Barrila, hay un plazo de 20 d\u00edas para integrar una lista de diez aspirantes<br>&#8211; En caso de que no se emita la convocatoria, la gobernadora enviar\u00e1 una terna para designar a un titular de manera provisional<\/em><\/strong><\/p>\n\n\n\n<p><strong>Rogelio Agust\u00edn<\/strong><\/p>\n\n\n\n<p>Una vez que entre en vigor la renuncia del abogado Jorge Zuriel de los Santos Barrila al cargo de titular de la Fiscal\u00eda General del Estado (FGE), el Congreso local tendr\u00e1 un plazo de 20 d\u00edas para lanzar convocatoria y definir una lista de diez aspirantes a tomar la conducci\u00f3n del \u00f3rgano encargado de perseguir el delito en Guerrero.<\/p>\n\n\n\n<p>Si el Congreso no desahoga el proceso de designaci\u00f3n por medio de una convocatoria en el tiempo que establece la ley, la gobernadora Evelyn Salgado Pineda enviar\u00e1 una terna para designar a un fiscal que ocupar\u00e1 el espacio de manera provisional, hasta en tanto los diputados realizan el procedimiento.<\/p>\n\n\n\n<p>De acuerdo con el art\u00edculo 61 de la Constituci\u00f3n Pol\u00edtica del Estado de Guerrero, corresponde al Poder legislativo conceder o negar las solicitudes de renuncia que presenten los Servidores P\u00fablicos.<\/p>\n\n\n\n<p>En el caso del todav\u00eda titular de la FGE, Jorge Zuriel de los Santos Barrila, se anota que fue nombrado mediante un proceso de selecci\u00f3n y designaci\u00f3n que se llev\u00f3 a cabo en abril del a\u00f1o de 2018, el cual culmino el 15 de mayo de 2018.<\/p>\n\n\n\n<p>El periodo para el que Jorge Zuriel de los Santos Barrila fue designado es de seis a\u00f1os, por lo que debi\u00f3 permanecer en el cargo hasta mayo de 2024.<\/p>\n\n\n\n<p>Sin embargo, a tres a\u00f1os y medio de asumir dicha posici\u00f3n, De los Santos Barrila decidi\u00f3 presentar una renuncia con car\u00e1cter irrevocable que plantea, se har\u00e1 efectiva a partir del pr\u00f3ximo 15 de noviembre.<\/p>\n\n\n\n<p>El proceso de selecci\u00f3n del que surgi\u00f3 la designaci\u00f3n del actual fiscal, deriv\u00f3 de la renuncia del ex Fiscal Javier Olea Pel\u00e1ez, misma que se present\u00f3 el 26 de abril de 2018.<\/p>\n\n\n\n<p>El Congreso acept\u00f3 la renuncia y emiti\u00f3 la convocatoria de selecci\u00f3n y designaci\u00f3n correspondiente.<\/p>\n\n\n\n<p>La renuncia del actual fiscal de Guerrero, de acuerdo con el documento que ya tiene en su poder la Mesa Directiva se har\u00e1 efectiva el 15 de noviembre, por lo que no existe el espacio necesario para desahogar el proceso de selecci\u00f3n y designaci\u00f3n.<\/p>\n\n\n\n<p>Por esa raz\u00f3n, con fundamento en el numeral 9 del art\u00edculo 142 de la Constituci\u00f3n Pol\u00edtica del Estado de Guerrero, en correlaci\u00f3n con el art\u00edculo 23 de la Ley Org\u00e1nica de la Fiscal\u00eda General del Estado de Guerrero, la ausencia del Fiscal General ser\u00e1 suplida por el vicefiscal, que para tal efecto se\u00f1ale el Reglamento.<\/p>\n\n\n\n<p>Una vez que se tiene por enterada la renuncia del titular de la FGE, el Congreso del Estado debe lanzar una convocatoria y cuenta con un periodo de 20 d\u00edas para integrar la lista de por lo menos 10 candidatos, de los que habr\u00e1 de surgir el nuevo titular del \u00e1rea.<\/p>\n\n\n\n<p>Se anota que solo en caso de que el Congreso del Estado no lleva a cabo el proceso de convocatoria en el tiempo que se plantea, la gobernadora Eveloyn Cesia Salgado Pineda podr\u00e1 enviar libremente la terna y designar\u00e1 provisionalmente a un Fiscal General, quien ejercer\u00e1 sus funciones hasta en tanto se realiza la designaci\u00f3n, tal y como se establece en la ley.<\/p>\n\n\n\n<p>Se anota que el fiscal designado de maneta provisional podr\u00e1 tomar parte del procedimiento que se habr\u00e1 de desahogar para nombrar a un titular para el \u00e1rea en un periodo de seis a\u00f1os.<\/p>\n","protected":false},"excerpt":{"rendered":"<p>&#8211; A partir de que entre en vigor la licencia de Jorge Zuriel de los Santos Barrila, hay un plazo de 20 d\u00edas para integrar una lista de diez aspirantes&#8211;&hellip; <\/p>\n","protected":false},"author":1,"featured_media":37340,"comment_status":"open","ping_status":"open","sticky":false,"template":"","format":"standard","meta":{"fifu_image_url":"","fifu_image_alt":"","footnotes":""},"categories":[2],"tags":[],"class_list":["post-37339","post","type-post","status-publish","format-standard","has-post-thumbnail","hentry","category-congreso"],"_links":{"self":[{"href":"https:\/\/www.interaccionnoticias.com.mx\/index.php?rest_route=\/wp\/v2\/posts\/37339","targetHints":{"allow":["GET"]}}],"collection":[{"href":"https:\/\/www.interaccionnoticias.com.mx\/index.php?rest_route=\/wp\/v2\/posts"}],"about":[{"href":"https:\/\/www.interaccionnoticias.com.mx\/index.php?rest_route=\/wp\/v2\/types\/post"}],"author":[{"embeddable":true,"href":"https:\/\/www.interaccionnoticias.com.mx\/index.php?rest_route=\/wp\/v2\/users\/1"}],"replies":[{"embeddable":true,"href":"https:\/\/www.interaccionnoticias.com.mx\/index.php?rest_route=%2Fwp%2Fv2%2Fcomments&post=37339"}],"version-history":[{"count":0,"href":"https:\/\/www.interaccionnoticias.com.mx\/index.php?rest_route=\/wp\/v2\/posts\/37339\/revisions"}],"wp:featuredmedia":[{"embeddable":true,"href":"https:\/\/www.interaccionnoticias.com.mx\/index.php?rest_route=\/wp\/v2\/media\/37340"}],"wp:attachment":[{"href":"https:\/\/www.interaccionnoticias.com.mx\/index.php?rest_route=%2Fwp%2Fv2%2Fmedia&parent=37339"}],"wp:term":[{"taxonomy":"category","embeddable":true,"href":"https:\/\/www.interaccionnoticias.com.mx\/index.php?rest_route=%2Fwp%2Fv2%2Fcategories&post=37339"},{"taxonomy":"post_tag","embeddable":true,"href":"https:\/\/www.interaccionnoticias.com.mx\/index.php?rest_route=%2Fwp%2Fv2%2Ftags&post=37339"}],"curies":[{"name":"wp","href":"https:\/\/api.w.org\/{rel}","templated":true}]}}