{"id":3726,"date":"2017-04-23T20:44:27","date_gmt":"2017-04-24T01:44:27","guid":{"rendered":"http:\/\/www.inter-accion.com.mx\/?p=3726"},"modified":"2017-04-23T20:44:27","modified_gmt":"2017-04-24T01:44:27","slug":"se-compromete-ricardo-mejia-berdeja-a-fortalecer-sistema-comunitario-de-seguridad","status":"publish","type":"post","link":"https:\/\/www.interaccionnoticias.com.mx\/?p=3726","title":{"rendered":"Se compromete Ricardo Mej\u00eda Berdeja a fortalecer sistema comunitario de seguridad"},"content":{"rendered":"<p><b>*Asiste a la toma de protesta del Comit\u00e9 de Enlace de la CRAC en Cacahuatepec, Acapulco.<\/b><br \/>\n&nbsp;<br \/>\n<b>Chilpancingo, Guerrero a 23 de abril de 2017.- <\/b><span style=\"font-weight: 400;\">Durante la toma de protesta del Comit\u00e9 de Enlace de la CRAC en Cacahuatepec, municipio de Acapulco, el presidente de la Comisi\u00f3n de Seguridad P\u00fablica del Congreso local, el diputado Ricardo Mej\u00eda Berdeja reconoci\u00f3 la labor de la Coordinadora Regional de Autoridades Comunitarias y su polic\u00eda comunitaria como uno de los procesos auton\u00f3micos m\u00e1s importantes en el pa\u00eds, particularmente en lo que refiere a sus pr\u00e1cticas de justicia y seguridad.<\/span><br \/>\n&nbsp;<br \/>\n<span style=\"font-weight: 400;\">\u201cSiempre hemos reconocido el gran m\u00e9rito de las autoridades que han logrado ganarse la confianza del ciudadano para hacer de \u00e9ste un aliado en la lucha contra la delincuencia\u201d sostuvo Mej\u00eda Berdeja y agreg\u00f3 que por esta raz\u00f3n es necesario impulsar una ley que integre las buenas pr\u00e1cticas de este modelo y se puedan replicar en el resto de las organizaciones a lo largo del Estado.<\/span><br \/>\n&nbsp;<br \/>\n<span style=\"font-weight: 400;\">\u201cEs necesario redoblar los esfuerzos para que, tomando en cuenta el modelo de \u00e9xito de las verdaderas polic\u00edas comunitarias, se implementen nuevas pol\u00edticas en materia de seguridad p\u00fablica\u201d dijo tambi\u00e9n que es necesario que se impulse la participaci\u00f3n de la comunidad como socia en el proceso de hacer que las comunidades sean lugares mejores y m\u00e1s seguros para vivir.<\/span><br \/>\n&nbsp;<br \/>\n<span style=\"font-weight: 400;\">Que no haya retroceso en la nueva ley conocida como 701, \u201cnada para atr\u00e1s, todo para adelante\u201d afirm\u00f3 el diputado y se\u00f1alo que el derecho relacionado al sistema comunitario ha ido evolucionado a trav\u00e9s de criterios internacionales y queremos una mejor ley. \u201cEl problema no es el n\u00famero, lo importante es el contenido\u201d y por ello, con la aportaci\u00f3n institucional de la CRAC y otras organizaciones se podr\u00e1 concretar una ley de avanzada.<\/span><br \/>\n&nbsp;<br \/>\n<span style=\"font-weight: 400;\">\u201cNo es casual que la Costa Chica no tenga casi presencia de la delincuencia organizada y en parte es gracias a la CRAC. Es tambi\u00e9n una realidad que hay quien se escuda en una polic\u00eda comunitaria para invadir territorio\u201d por ello, afirm\u00f3, es necesario recoger la experiencia de esta organizaci\u00f3n y se comprometi\u00f3 a circular el dictamen de ley entre los integrantes.<\/span><br \/>\n&nbsp;<br \/>\n<span style=\"font-weight: 400;\">Tambi\u00e9n, el diputado se refiri\u00f3 a la urgencia de la eliminaci\u00f3n del fuero constitucional. &nbsp;\u201cTodos los esfuerzos que emprendamos para erradicar la corrupci\u00f3n, en un futuro inmediato, resultaran in\u00fatiles mientras se mantengan las charolas de impunidad, al amparo del fuero, quienes se han acostumbrado a los privilegios de la clase pol\u00edtica, seguir\u00e1n delinquiendo, gozando de la actitud proteccionista que hoy demuestran los partidos de siempre\u201d.<\/span><br \/>\n&nbsp;<br \/>\n<span style=\"font-weight: 400;\">Si vemos que hay resistencias u oposici\u00f3n de los otros grupos parlamentarios para aprobar la nueva ley 701 les pido que hagamos causa com\u00fan, exhort\u00f3 el diputado \u201chay quienes quisieran que todo siga igual pero para mal, hay quienes desde dentro de las instituciones queremos empujar el desarrollo, la paz y la concordia del estado de Guerrero\u201d.<\/span><br \/>\n&nbsp;<br \/>\n<span style=\"font-weight: 400;\">Hagamos causa com\u00fan con los temas que afectan a Guerrero. Necesitamos reconstruir a Guerrero con las organizaciones y con quienes desde las instituciones, queremos un cambio para mejorar.<\/span><br \/>\n&nbsp;<br \/>\n<span style=\"font-weight: 400;\">Ricardo Mej\u00eda agreg\u00f3 que desde el Grupo Parlamentario de Movimiento Ciudadano nos hemos propuesto eliminar el fuero, pero encontramos una verdadera oposici\u00f3n y volvi\u00f3 a pedir a los asistentes \u201chacer alianza para limpiar tambi\u00e9n la pol\u00edtica que se hace en la entidad\u201d.<\/span><br \/>\n&nbsp;<br \/>\n<span style=\"font-weight: 400;\">Por \u00faltimo, Mej\u00eda Berdeja detall\u00f3 que, con fecha del 13 de diciembre del 2016, la fracci\u00f3n parlamentaria de Movimiento Ciudadano present\u00f3 la iniciativa de Ley sobre derechos colectivos y difusos, saberes, conocimiento y Cultura de los Pueblos y Comunidades Ind\u00edgenas y Afrodescendientes del Estado de Guerrero que de 71 art\u00edculos y cuatro transitorios.<\/span><\/p>\n","protected":false},"excerpt":{"rendered":"<p>*Asiste a la toma de protesta del Comit\u00e9 de Enlace de la CRAC en Cacahuatepec, Acapulco. &nbsp; Chilpancingo, Guerrero a 23 de abril de 2017.- Durante la toma de protesta&hellip; <\/p>\n","protected":false},"author":1,"featured_media":0,"comment_status":"open","ping_status":"open","sticky":false,"template":"","format":"standard","meta":{"fifu_image_url":"","fifu_image_alt":"","footnotes":""},"categories":[2,8],"tags":[],"class_list":["post-3726","post","type-post","status-publish","format-standard","hentry","category-congreso","category-featured"],"_links":{"self":[{"href":"https:\/\/www.interaccionnoticias.com.mx\/index.php?rest_route=\/wp\/v2\/posts\/3726","targetHints":{"allow":["GET"]}}],"collection":[{"href":"https:\/\/www.interaccionnoticias.com.mx\/index.php?rest_route=\/wp\/v2\/posts"}],"about":[{"href":"https:\/\/www.interaccionnoticias.com.mx\/index.php?rest_route=\/wp\/v2\/types\/post"}],"author":[{"embeddable":true,"href":"https:\/\/www.interaccionnoticias.com.mx\/index.php?rest_route=\/wp\/v2\/users\/1"}],"replies":[{"embeddable":true,"href":"https:\/\/www.interaccionnoticias.com.mx\/index.php?rest_route=%2Fwp%2Fv2%2Fcomments&post=3726"}],"version-history":[{"count":0,"href":"https:\/\/www.interaccionnoticias.com.mx\/index.php?rest_route=\/wp\/v2\/posts\/3726\/revisions"}],"wp:attachment":[{"href":"https:\/\/www.interaccionnoticias.com.mx\/index.php?rest_route=%2Fwp%2Fv2%2Fmedia&parent=3726"}],"wp:term":[{"taxonomy":"category","embeddable":true,"href":"https:\/\/www.interaccionnoticias.com.mx\/index.php?rest_route=%2Fwp%2Fv2%2Fcategories&post=3726"},{"taxonomy":"post_tag","embeddable":true,"href":"https:\/\/www.interaccionnoticias.com.mx\/index.php?rest_route=%2Fwp%2Fv2%2Ftags&post=3726"}],"curies":[{"name":"wp","href":"https:\/\/api.w.org\/{rel}","templated":true}]}}