{"id":37235,"date":"2021-10-27T16:26:34","date_gmt":"2021-10-27T21:26:34","guid":{"rendered":"http:\/\/www.inter-accion.com.mx\/?p=37235"},"modified":"2021-10-27T16:26:34","modified_gmt":"2021-10-27T21:26:34","slug":"37235","status":"publish","type":"post","link":"https:\/\/www.interaccionnoticias.com.mx\/?p=37235","title":{"rendered":"Vacunaci\u00f3n en menores no debe ser tema pol\u00edtico"},"content":{"rendered":"\n<p><strong>Jes\u00fas Dorantes<\/strong><\/p>\n\n\n\n<p><strong>Chilpancingo, Gro.-<\/strong> El delegado del gobierno federal en Guerrero Iv\u00e1n Hern\u00e1ndez D\u00edaz realiza un llamado a los partidos pol\u00edticos para no politizar el tema de la vacunaci\u00f3n en menores.<\/p>\n\n\n\n<p>Esto luego de que el d\u00eda de ayer el partido del PRD protestara en la ciudad de M\u00e9xico para solicitar que se hagan v\u00e1lidos los amparos que se hab\u00edan recabado en Chilpancingo y Acapulco para que los menores de 12 entre 17 a\u00f1os recibir\u00e1n el f\u00e1rmaco contra Covid-19.<\/p>\n\n\n\n<p>Destacando que el esquema de vacunaci\u00f3n se maneja priorizando los sectores m\u00e1s vulnerables y no aquellos que tienen los recursos para promover un amparo ante la ley.<\/p>\n\n\n\n<p>Anunciando tambi\u00e9n que la pr\u00f3xima semana se presentar\u00e1 el esquema de vacunaci\u00f3n para menores (de entre 12 y 18 a\u00f1os) en el estado, por lo que hizo un llamado a los padres de familia para que realicen el registro de sus hijos.<\/p>\n\n\n\n<p>Dentro de las precauciones Hern\u00e1ndez D\u00edaz destac\u00f3 que se tiene prevista una cifra de 16 mil menores de edad durante la primera etapa.<\/p>\n","protected":false},"excerpt":{"rendered":"<p>Jes\u00fas Dorantes Chilpancingo, Gro.- El delegado del gobierno federal en Guerrero Iv\u00e1n Hern\u00e1ndez D\u00edaz realiza un llamado a los partidos pol\u00edticos para no politizar el tema de la vacunaci\u00f3n en&hellip; <\/p>\n","protected":false},"author":1,"featured_media":37215,"comment_status":"open","ping_status":"open","sticky":false,"template":"","format":"standard","meta":{"fifu_image_url":"","fifu_image_alt":"","footnotes":""},"categories":[3],"tags":[],"class_list":["post-37235","post","type-post","status-publish","format-standard","has-post-thumbnail","hentry","category-covid-19"],"_links":{"self":[{"href":"https:\/\/www.interaccionnoticias.com.mx\/index.php?rest_route=\/wp\/v2\/posts\/37235","targetHints":{"allow":["GET"]}}],"collection":[{"href":"https:\/\/www.interaccionnoticias.com.mx\/index.php?rest_route=\/wp\/v2\/posts"}],"about":[{"href":"https:\/\/www.interaccionnoticias.com.mx\/index.php?rest_route=\/wp\/v2\/types\/post"}],"author":[{"embeddable":true,"href":"https:\/\/www.interaccionnoticias.com.mx\/index.php?rest_route=\/wp\/v2\/users\/1"}],"replies":[{"embeddable":true,"href":"https:\/\/www.interaccionnoticias.com.mx\/index.php?rest_route=%2Fwp%2Fv2%2Fcomments&post=37235"}],"version-history":[{"count":0,"href":"https:\/\/www.interaccionnoticias.com.mx\/index.php?rest_route=\/wp\/v2\/posts\/37235\/revisions"}],"wp:featuredmedia":[{"embeddable":true,"href":"https:\/\/www.interaccionnoticias.com.mx\/index.php?rest_route=\/wp\/v2\/media\/37215"}],"wp:attachment":[{"href":"https:\/\/www.interaccionnoticias.com.mx\/index.php?rest_route=%2Fwp%2Fv2%2Fmedia&parent=37235"}],"wp:term":[{"taxonomy":"category","embeddable":true,"href":"https:\/\/www.interaccionnoticias.com.mx\/index.php?rest_route=%2Fwp%2Fv2%2Fcategories&post=37235"},{"taxonomy":"post_tag","embeddable":true,"href":"https:\/\/www.interaccionnoticias.com.mx\/index.php?rest_route=%2Fwp%2Fv2%2Ftags&post=37235"}],"curies":[{"name":"wp","href":"https:\/\/api.w.org\/{rel}","templated":true}]}}