{"id":37231,"date":"2021-10-27T16:23:42","date_gmt":"2021-10-27T21:23:42","guid":{"rendered":"http:\/\/www.inter-accion.com.mx\/?p=37231"},"modified":"2021-10-27T16:23:42","modified_gmt":"2021-10-27T21:23:42","slug":"37231","status":"publish","type":"post","link":"https:\/\/www.interaccionnoticias.com.mx\/?p=37231","title":{"rendered":"Necesaria la intervenci\u00f3n de la ONU para erradicar la venta de ni\u00f1as en La Monta\u00f1a: Evelyn Salgado"},"content":{"rendered":"\n<p><strong>Rosario Garc\u00eda Orozco<\/strong><\/p>\n\n\n\n<p><strong>Chilpancingo, Gro., 27 de octubre del 2021.-<\/strong> La gobernadora Evelyn Salgado Pineda anunci\u00f3 que solicitar\u00e1 la intervenci\u00f3n de la Organizaci\u00f3n de las Naciones Unidas (ONU-Mujeres), para erradicar la venta de ni\u00f1as, con fines matrimoniales en los municipios ind\u00edgenas, principalmente, de la zona de La Monta\u00f1a.<\/p>\n\n\n\n<p>Luego de encabezar la ceremonia por el 172 Aniversario de la erecci\u00f3n de Guerrero como Estado, la jefa del Ejecutivo estatal asegur\u00f3 que la pr\u00e1ctica, que se tiene como tradici\u00f3n en la zona de La Monta\u00f1a, requiere de un trabajo conjunto entre los tres niveles de gobierno, pero tambi\u00e9n del apoyo de organismos internacionales como la ONU.<\/p>\n\n\n\n<p>\u201cEstamos totalmente en contra de la venta de ni\u00f1as, esta es una pr\u00e1ctica que se debe erradicar de ra\u00edz\u201d, y asegur\u00f3 que su gobierno ha comenzado con el dise\u00f1o de una estrategia especial, para evitar que una menor de edad m\u00e1s, sea obligada al casamiento a trav\u00e9s de dotes econ\u00f3micos, aunque tambi\u00e9n son utilizadas para trabajos dom\u00e9sticos y en el peor de los casos en la prostituci\u00f3n.<\/p>\n\n\n\n<p>Salgado Pineda asegur\u00f3 que va a solicitar el apoyo y respaldo de ONU-Mujeres, para iniciar con un programa especial en la zona, a fin de que se garantice la integridad y el respeto a los derechos humanos de las ni\u00f1as, ni\u00f1os, adolescentes y mujeres en la regi\u00f3n ind\u00edgenas.<\/p>\n\n\n\n<p>Cabe recordar que el pasado 11 de octubre, la ind\u00edgena Concepci\u00f3n perdi\u00f3 a sus trillizos presuntamente por haber sido golpeada por un polic\u00eda comunitario, en la localidad de Dos R\u00edos, en el municipio ind\u00edgena de Cochoapa El Grande.<\/p>\n\n\n\n<p>Dicha agresi\u00f3n se registr\u00f3 cuando exig\u00eda la libertad de su hija Ang\u00e9lica de 15 a\u00f1os de edad, que hab\u00eda sido encarcelada por no permitir ser violada por su suegro, quien, en represalia, adem\u00e1s, le exigi\u00f3 la devoluci\u00f3n del dote que hab\u00eda pagado, para convertirla en la esposa de su hijo, cuando ella ten\u00eda s\u00f3lo 13 a\u00f1os de edad.<\/p>\n\n\n\n<p>En otro tema, Evelyn Salgado Pineda, inform\u00f3 que se ha establecido coordinaci\u00f3n con las autoridades municipales de Xalplat\u00e1huac, para restablecer el di\u00e1logo, luego de que el pasado lunes, miembros de la polic\u00eda comunitaria, pertenecientes a la Coordinadora Regional de Autoridades Comunitarias (CRAC), disolvieron una asamblea con disparos de arma de fuego, cuando eran se\u00f1alados por abusos por parte de los habitantes.<\/p>\n\n\n\n<p>Esa agresi\u00f3n dej\u00f3 como saldo dos polic\u00edas preventivos heridos y dos periodistas retenidos. Los lesionados recibieron atenci\u00f3n m\u00e9dica y los comunicadores fueron liberados horas despu\u00e9s de su retenci\u00f3n.<\/p>\n\n\n\n<p>\u201cYa est\u00e1 el subsecretario de Gobierno, ya hay di\u00e1logo, ya est\u00e1n platicando con ambas partes, ya se platic\u00f3 ya con la presidenta\u201d, dijo la gobernadora, y confirm\u00f3 que con base a la informaci\u00f3n con que cuenta, los hechos tienen relaci\u00f3n con un tema \u201cpol\u00edtico-postelectoral\u201d.<\/p>\n","protected":false},"excerpt":{"rendered":"<p>Rosario Garc\u00eda Orozco Chilpancingo, Gro., 27 de octubre del 2021.- La gobernadora Evelyn Salgado Pineda anunci\u00f3 que solicitar\u00e1 la intervenci\u00f3n de la Organizaci\u00f3n de las Naciones Unidas (ONU-Mujeres), para erradicar&hellip; <\/p>\n","protected":false},"author":1,"featured_media":37212,"comment_status":"open","ping_status":"open","sticky":false,"template":"","format":"standard","meta":{"fifu_image_url":"","fifu_image_alt":"","footnotes":""},"categories":[11],"tags":[],"class_list":["post-37231","post","type-post","status-publish","format-standard","has-post-thumbnail","hentry","category-guerrero"],"_links":{"self":[{"href":"https:\/\/www.interaccionnoticias.com.mx\/index.php?rest_route=\/wp\/v2\/posts\/37231","targetHints":{"allow":["GET"]}}],"collection":[{"href":"https:\/\/www.interaccionnoticias.com.mx\/index.php?rest_route=\/wp\/v2\/posts"}],"about":[{"href":"https:\/\/www.interaccionnoticias.com.mx\/index.php?rest_route=\/wp\/v2\/types\/post"}],"author":[{"embeddable":true,"href":"https:\/\/www.interaccionnoticias.com.mx\/index.php?rest_route=\/wp\/v2\/users\/1"}],"replies":[{"embeddable":true,"href":"https:\/\/www.interaccionnoticias.com.mx\/index.php?rest_route=%2Fwp%2Fv2%2Fcomments&post=37231"}],"version-history":[{"count":0,"href":"https:\/\/www.interaccionnoticias.com.mx\/index.php?rest_route=\/wp\/v2\/posts\/37231\/revisions"}],"wp:featuredmedia":[{"embeddable":true,"href":"https:\/\/www.interaccionnoticias.com.mx\/index.php?rest_route=\/wp\/v2\/media\/37212"}],"wp:attachment":[{"href":"https:\/\/www.interaccionnoticias.com.mx\/index.php?rest_route=%2Fwp%2Fv2%2Fmedia&parent=37231"}],"wp:term":[{"taxonomy":"category","embeddable":true,"href":"https:\/\/www.interaccionnoticias.com.mx\/index.php?rest_route=%2Fwp%2Fv2%2Fcategories&post=37231"},{"taxonomy":"post_tag","embeddable":true,"href":"https:\/\/www.interaccionnoticias.com.mx\/index.php?rest_route=%2Fwp%2Fv2%2Ftags&post=37231"}],"curies":[{"name":"wp","href":"https:\/\/api.w.org\/{rel}","templated":true}]}}