{"id":37189,"date":"2021-10-26T20:54:10","date_gmt":"2021-10-27T01:54:10","guid":{"rendered":"http:\/\/www.inter-accion.com.mx\/?p=37189"},"modified":"2021-10-26T20:54:10","modified_gmt":"2021-10-27T01:54:10","slug":"37189","status":"publish","type":"post","link":"https:\/\/www.interaccionnoticias.com.mx\/?p=37189","title":{"rendered":"Evodio Vel\u00e1zquez asegura que no caer\u00e1 en provocaciones y llama a la unidad del PRD"},"content":{"rendered":"\n<p><strong><em>&#8211; El exalcalde de Acapulco tambi\u00e9n dej\u00f3 en claro que no se ir\u00e1 a Morena.<\/em><\/strong><\/p>\n\n\n\n<p><strong>Acapulco, Gro., 26 de octubre de 2027.-<\/strong> El l\u00edder estatal del PRD, Evodio Vel\u00e1zquez Aguirre, asegur\u00f3 que no caer\u00e1 en descalificaciones con sus compa\u00f1eros que pretenden seguir en la alianza con \u201cla derecha\u201d, con partidos como el PRI y el PAN, y que respetar\u00e1 a quienes no compartan su llamado a regresar a la ideolog\u00eda izquierdista del sol azteca.<\/p>\n\n\n\n<p>Agreg\u00f3 que \u201cson miles de militantes los que est\u00e1n pidi\u00e9ndole a gritos a los dirigentes del PRD que tomemos esa bandera\u201d y que \u201chay que respetar las diferentes posturas y posiciones, cada quien est\u00e1 haciendo su esfuerzo, aqu\u00ed no es un tema de qui\u00e9n lo hace, no es la persona, es el fin, es la idea, yo seguir\u00e9 haciendo lo propio, aunque l\u00f3gicamente piso varios callos y no gusta\u201d.<\/p>\n\n\n\n<p>Vel\u00e1zquez Aguirre dej\u00f3 en claro que no se ir\u00e1 a Morena, \u201cyo tengo mi partido pol\u00edtico donde he militado por m\u00e1s de 20 a\u00f1os, es el \u00fanico en mi vida pol\u00edtica, y que he representado en cargos de elecci\u00f3n popular, en los liderazgos, en las colonias y en la gesti\u00f3n, ese ha sido el PRD\u201d.<\/p>\n\n\n\n<p>El exalcalde porte\u00f1o recalc\u00f3 que no comparte en este momento la l\u00ednea pol\u00edtica de la dirigencia nacional, \u201cno comparto nuevamente la foto con el PRI y con el PAN en las oficinas del PAN; no comparto este planteamiento de querer borrar la historia del PRD y querer cambiar, como lo quieren hacer algunos en el partido a nivel nacional y estatal, quitarle las siglas, los colores, la historia, pegarse m\u00e1s al centro para poderse legitimar y sobre todo tapar la verg\u00fcenza que debe ser seguir caminando sin tus ideales claros\u201d.<\/p>\n\n\n\n<p>Puntualiz\u00f3 que la cercan\u00eda del PRD con los partidos de derecha ha sumergido al sol azteca en una crisis \u201cdesde las alianzas antinaturales, que nos cost\u00f3 perder millones de votos en el pa\u00eds\u201d y que adem\u00e1s en Guerrero esto provoc\u00f3 \u201cla p\u00e9rdida de las plazas principales; hoy en esta alianza con el PRI perdiste 1 mill\u00f3n 200 mil votos en 2021 a nivel nacional, perdiste el registro en 15 estados de la rep\u00fablica y 70 mil votos en Guerrero que te llevar\u00e1n de rodillas a una alianza en el 2024 con el aliado (PRI)\u201d.<\/p>\n\n\n\n<p>&#8212;\u00bfHay riesgo de que te expulsen del PRD?&#8212; Pregunt\u00f3 un reportero.<\/p>\n\n\n\n<p>Tendr\u00edan que decir porqu\u00e9 me van a expulsar, \u00bfpor abrir el debate?, \u00bfPor decir mi punto de vista en un partido de izquierda?, pues yo creo que no, pero si eso fuera ser\u00eda un exceso que estar\u00eda contradiciendo nuestros principios y estar\u00eda en todo momento d\u00e1ndome la raz\u00f3n, que el PRD se convertir\u00eda en un ap\u00e9ndice del PAN y del PRI\u201d.<\/p>\n\n\n\n<p>Finalmente deseo \u00e9xito a la alcaldesa de Acapulco Abelina L\u00f3pez y a la gobernadora Evelyn Salgado, \u201cconocemos a ambas porque anduvimos en la talacha muchos a\u00f1os, en el PRD por cierto, y hoy creo que no debe haber mayores diferencias m\u00e1s que en la cr\u00edtica constructiva podamos tener\u201d.<\/p>\n","protected":false},"excerpt":{"rendered":"<p>&#8211; El exalcalde de Acapulco tambi\u00e9n dej\u00f3 en claro que no se ir\u00e1 a Morena. Acapulco, Gro., 26 de octubre de 2027.- El l\u00edder estatal del PRD, Evodio Vel\u00e1zquez Aguirre,&hellip; <\/p>\n","protected":false},"author":1,"featured_media":37191,"comment_status":"open","ping_status":"open","sticky":false,"template":"","format":"standard","meta":{"fifu_image_url":"","fifu_image_alt":"","footnotes":""},"categories":[21],"tags":[],"class_list":["post-37189","post","type-post","status-publish","format-standard","has-post-thumbnail","hentry","category-politica"],"_links":{"self":[{"href":"https:\/\/www.interaccionnoticias.com.mx\/index.php?rest_route=\/wp\/v2\/posts\/37189","targetHints":{"allow":["GET"]}}],"collection":[{"href":"https:\/\/www.interaccionnoticias.com.mx\/index.php?rest_route=\/wp\/v2\/posts"}],"about":[{"href":"https:\/\/www.interaccionnoticias.com.mx\/index.php?rest_route=\/wp\/v2\/types\/post"}],"author":[{"embeddable":true,"href":"https:\/\/www.interaccionnoticias.com.mx\/index.php?rest_route=\/wp\/v2\/users\/1"}],"replies":[{"embeddable":true,"href":"https:\/\/www.interaccionnoticias.com.mx\/index.php?rest_route=%2Fwp%2Fv2%2Fcomments&post=37189"}],"version-history":[{"count":0,"href":"https:\/\/www.interaccionnoticias.com.mx\/index.php?rest_route=\/wp\/v2\/posts\/37189\/revisions"}],"wp:featuredmedia":[{"embeddable":true,"href":"https:\/\/www.interaccionnoticias.com.mx\/index.php?rest_route=\/wp\/v2\/media\/37191"}],"wp:attachment":[{"href":"https:\/\/www.interaccionnoticias.com.mx\/index.php?rest_route=%2Fwp%2Fv2%2Fmedia&parent=37189"}],"wp:term":[{"taxonomy":"category","embeddable":true,"href":"https:\/\/www.interaccionnoticias.com.mx\/index.php?rest_route=%2Fwp%2Fv2%2Fcategories&post=37189"},{"taxonomy":"post_tag","embeddable":true,"href":"https:\/\/www.interaccionnoticias.com.mx\/index.php?rest_route=%2Fwp%2Fv2%2Ftags&post=37189"}],"curies":[{"name":"wp","href":"https:\/\/api.w.org\/{rel}","templated":true}]}}