{"id":37136,"date":"2021-10-26T17:16:05","date_gmt":"2021-10-26T22:16:05","guid":{"rendered":"http:\/\/www.inter-accion.com.mx\/?p=37136"},"modified":"2021-10-26T17:16:05","modified_gmt":"2021-10-26T22:16:05","slug":"37136","status":"publish","type":"post","link":"https:\/\/www.interaccionnoticias.com.mx\/?p=37136","title":{"rendered":"En el Tribunal del PJF ocurre hostigamiento laboral y sexual"},"content":{"rendered":"\n<p><strong><em>&#8211; Se denuncia que son trabajadores del TPJF en Acapulco<br>&#8211; Acusan que la reforma judicial es una reforma laboral<\/em><\/strong><\/p>\n\n\n\n<p><strong>Javier Trujillo<\/strong><\/p>\n\n\n\n<p><strong>Acapulco, Gro. \u2013<\/strong> En el Tribunal del Poder Judicial de la Federaci\u00f3n en Acapulco, se tienen m\u00e1s de 15 denuncias por hostigamiento laboral, acoso sexual y se denuncia que una juez de distrito y una magistrada.<\/p>\n\n\n\n<p>Las dos impartidoras de justicia del Poder Judicial de la Federaci\u00f3n enfrentan acusaciones por hostigamiento laboral.<\/p>\n\n\n\n<p>Se trata de una juez de distrito y una magistrada de distrito, denunci\u00f3 Juan Alberto Prado G\u00f3mez, l\u00edder del Sindicato Nacional de Renovaci\u00f3n al Servicio de los Trabajadores del Poder Judicial Federal.<\/p>\n\n\n\n<p>\u201cEl motivo es porque existen, diversos conflictos laborales por una magistrada y una juez con sede en el Tribunal del Poder Judicial de la Federaci\u00f3n, venimos a atender las deficiencias por el horario laboral, y el caso sexual contra los trabajadores.<\/p>\n\n\n\n<p>\u201cVenimos a defenderlos y tratar de combatir la reforma judicial que no queremos que se lleve a cabo, pues est\u00e1 muy lejos de ser una reforma judicial, es m\u00e1s bien una reforma laboral, que limita los derechos de los trabajadores\u201d, Prado G\u00f3mez.<\/p>\n\n\n\n<p>Explic\u00f3 que ya se inici\u00f3 un procedimiento en contra de la titular del juzgado sexto de Distrito, y est\u00e1n a la espera de que resuelva el consejo de una manera favorable para los trabajadores del poder judicial, pues no es un solo caso, dijo.<\/p>\n\n\n\n<p>El l\u00edder gremial, se\u00f1al\u00f3 que las anomal\u00edas, son por la forma en que se dirigen contra los empleados a qui\u00e9nes fuera del horario de trabajo, se les obliga a realizar labores del juzgado, incluso s\u00e1bados y domingos.<\/p>\n\n\n\n<p>Prado G\u00f3mez, explic\u00f3 que, en todos los conflictos en el TPJF, se busca resolver a trav\u00e9s del dialogo.<\/p>\n","protected":false},"excerpt":{"rendered":"<p>&#8211; Se denuncia que son trabajadores del TPJF en Acapulco&#8211; Acusan que la reforma judicial es una reforma laboral Javier Trujillo Acapulco, Gro. \u2013 En el Tribunal del Poder Judicial&hellip; <\/p>\n","protected":false},"author":1,"featured_media":37129,"comment_status":"open","ping_status":"open","sticky":false,"template":"","format":"standard","meta":{"fifu_image_url":"","fifu_image_alt":"","footnotes":""},"categories":[15],"tags":[],"class_list":["post-37136","post","type-post","status-publish","format-standard","has-post-thumbnail","hentry","category-movimientos-sociales"],"_links":{"self":[{"href":"https:\/\/www.interaccionnoticias.com.mx\/index.php?rest_route=\/wp\/v2\/posts\/37136","targetHints":{"allow":["GET"]}}],"collection":[{"href":"https:\/\/www.interaccionnoticias.com.mx\/index.php?rest_route=\/wp\/v2\/posts"}],"about":[{"href":"https:\/\/www.interaccionnoticias.com.mx\/index.php?rest_route=\/wp\/v2\/types\/post"}],"author":[{"embeddable":true,"href":"https:\/\/www.interaccionnoticias.com.mx\/index.php?rest_route=\/wp\/v2\/users\/1"}],"replies":[{"embeddable":true,"href":"https:\/\/www.interaccionnoticias.com.mx\/index.php?rest_route=%2Fwp%2Fv2%2Fcomments&post=37136"}],"version-history":[{"count":0,"href":"https:\/\/www.interaccionnoticias.com.mx\/index.php?rest_route=\/wp\/v2\/posts\/37136\/revisions"}],"wp:featuredmedia":[{"embeddable":true,"href":"https:\/\/www.interaccionnoticias.com.mx\/index.php?rest_route=\/wp\/v2\/media\/37129"}],"wp:attachment":[{"href":"https:\/\/www.interaccionnoticias.com.mx\/index.php?rest_route=%2Fwp%2Fv2%2Fmedia&parent=37136"}],"wp:term":[{"taxonomy":"category","embeddable":true,"href":"https:\/\/www.interaccionnoticias.com.mx\/index.php?rest_route=%2Fwp%2Fv2%2Fcategories&post=37136"},{"taxonomy":"post_tag","embeddable":true,"href":"https:\/\/www.interaccionnoticias.com.mx\/index.php?rest_route=%2Fwp%2Fv2%2Ftags&post=37136"}],"curies":[{"name":"wp","href":"https:\/\/api.w.org\/{rel}","templated":true}]}}