{"id":37125,"date":"2021-10-26T17:10:49","date_gmt":"2021-10-26T22:10:49","guid":{"rendered":"http:\/\/www.inter-accion.com.mx\/?p=37125"},"modified":"2021-10-26T17:10:49","modified_gmt":"2021-10-26T22:10:49","slug":"37125","status":"publish","type":"post","link":"https:\/\/www.interaccionnoticias.com.mx\/?p=37125","title":{"rendered":"En el Congreso esperan que se informe cu\u00e1ntas camionetas blindadas pondr\u00e1 a la venta el Gobierno de Guerrero"},"content":{"rendered":"\n<p><strong><em>&#8211; Presidente de la Jucopo anticipa que se informar\u00e1 cu\u00e1ntas eran y quienes las usaban<br>&#8211; Hay casos extra\u00f1os, anticipa<\/em><\/strong><\/p>\n\n\n\n<p><strong>Rogelio Agust\u00edn<\/strong><\/p>\n\n\n\n<p>En el Congreso local se encuentran a la espera de que el Gobierno de Guerrero informe cuantos veh\u00edculos blindados forman parte de su parque vehicular, por lo que se especificar\u00e1 cu\u00e1ntos son y quienes lo tra\u00edan.<\/p>\n\n\n\n<p>Desde el inicio de su administraci\u00f3n, el pasado 15 de octubre, la gobernadora Evelyn Salgado Pineda inform\u00f3 que su administraci\u00f3n no har\u00e1 uso de camionetas ni veh\u00edculos blindados, de tal suerte que se concentrar\u00e1n todas las unidades de ese tipo, se har\u00e1 un inventario y se pondr\u00e1n a la venta, para efecto de utilizar el recurso que se re\u00fana para la construcci\u00f3n de cl\u00ednicas con servicio de hemodi\u00e1lisis, para atender a personas que lo requieran.<\/p>\n\n\n\n<p>Eso implica tambi\u00e9n que el personal de la Polic\u00eda del Estado y de la Polic\u00eda Investigadora Ministerial, asignado para el resguardo de ex funcionarios de la administraci\u00f3n anterior ser\u00e1 canalizado para realizar tareas de vigilancia e investigaci\u00f3n, de tal suerte que su trabajo sea de beneficio social y no solo para algunos particulares.<\/p>\n\n\n\n<p>El presidente de la Junta de Coordinaci\u00f3n Pol\u00edtica (Jucopo) del Congreso local, Alfredo S\u00e1nchez Esquivel coment\u00f3 de inicio que los diputados no tienen asignada ninguna unidad blindada, sin embargo, coment\u00f3 que de manera extraoficial le han comentado que hay m\u00e1s de cien veh\u00edculos de ese tipo que se han recogido.<\/p>\n\n\n\n<p>\u201cDicen que son m\u00e1s de cien los que se han recogido, veh\u00edculos que no solo ten\u00edan funcionarios, algunos exfuncionarios (de otras administraciones estatales) y familiares\u201d, anot\u00f3.<\/p>\n\n\n\n<p>Sin embargo, reconoce que hasta el momento no hay nada oficial respecto al tema, que solo se ha manejado en medios de comunicaci\u00f3n.<\/p>\n\n\n\n<p>El l\u00edder de la fracci\u00f3n parlamentaria de Morena refiere: \u201cVa a ser un anuncio muy especial cuando se diga cu\u00e1ntos veh\u00edculos blindados se recogieron, cu\u00e1ntos son y quienes los tra\u00edan\u201d.<\/p>\n\n\n\n<p>Manifest\u00f3 que se puede comprender que los titulares de Seguridad P\u00fablica, de Finanzas y la Secretar\u00eda General de Gobierno hayan utilizado veh\u00edculos blindados, por el riesgo que implicaba su actividad, pero no en otros casos.<\/p>\n\n\n\n<p>Por la informaci\u00f3n que tiene, lo \u00fanico que anticipa el legislador es lo siguiente: \u201cLa verdad es un poco extra\u00f1o\u201d.<\/p>\n","protected":false},"excerpt":{"rendered":"<p>&#8211; Presidente de la Jucopo anticipa que se informar\u00e1 cu\u00e1ntas eran y quienes las usaban&#8211; Hay casos extra\u00f1os, anticipa Rogelio Agust\u00edn En el Congreso local se encuentran a la espera&hellip; <\/p>\n","protected":false},"author":1,"featured_media":37126,"comment_status":"open","ping_status":"open","sticky":false,"template":"","format":"standard","meta":{"fifu_image_url":"","fifu_image_alt":"","footnotes":""},"categories":[2],"tags":[],"class_list":["post-37125","post","type-post","status-publish","format-standard","has-post-thumbnail","hentry","category-congreso"],"_links":{"self":[{"href":"https:\/\/www.interaccionnoticias.com.mx\/index.php?rest_route=\/wp\/v2\/posts\/37125","targetHints":{"allow":["GET"]}}],"collection":[{"href":"https:\/\/www.interaccionnoticias.com.mx\/index.php?rest_route=\/wp\/v2\/posts"}],"about":[{"href":"https:\/\/www.interaccionnoticias.com.mx\/index.php?rest_route=\/wp\/v2\/types\/post"}],"author":[{"embeddable":true,"href":"https:\/\/www.interaccionnoticias.com.mx\/index.php?rest_route=\/wp\/v2\/users\/1"}],"replies":[{"embeddable":true,"href":"https:\/\/www.interaccionnoticias.com.mx\/index.php?rest_route=%2Fwp%2Fv2%2Fcomments&post=37125"}],"version-history":[{"count":0,"href":"https:\/\/www.interaccionnoticias.com.mx\/index.php?rest_route=\/wp\/v2\/posts\/37125\/revisions"}],"wp:featuredmedia":[{"embeddable":true,"href":"https:\/\/www.interaccionnoticias.com.mx\/index.php?rest_route=\/wp\/v2\/media\/37126"}],"wp:attachment":[{"href":"https:\/\/www.interaccionnoticias.com.mx\/index.php?rest_route=%2Fwp%2Fv2%2Fmedia&parent=37125"}],"wp:term":[{"taxonomy":"category","embeddable":true,"href":"https:\/\/www.interaccionnoticias.com.mx\/index.php?rest_route=%2Fwp%2Fv2%2Fcategories&post=37125"},{"taxonomy":"post_tag","embeddable":true,"href":"https:\/\/www.interaccionnoticias.com.mx\/index.php?rest_route=%2Fwp%2Fv2%2Ftags&post=37125"}],"curies":[{"name":"wp","href":"https:\/\/api.w.org\/{rel}","templated":true}]}}