{"id":37096,"date":"2021-10-21T19:20:46","date_gmt":"2021-10-22T00:20:46","guid":{"rendered":"http:\/\/www.inter-accion.com.mx\/?p=37096"},"modified":"2021-10-21T19:20:46","modified_gmt":"2021-10-22T00:20:46","slug":"37096","status":"publish","type":"post","link":"https:\/\/www.interaccionnoticias.com.mx\/?p=37096","title":{"rendered":"Toma protesta Evelyn Salgado Pineda al Patronato DIF Guerrero, que preside Liz Salgado"},"content":{"rendered":"\n<p><strong><em>&#8211; El noble organismo inicia un proceso de cambio profundo, trabajar\u00e1 por la igualdad y por los derechos de los guerrerenses m\u00e1s vulnerables<\/em><\/strong><\/p>\n\n\n\n<p><strong>Chilpancingo, Gro., 21 de octubre de 2021.-<\/strong> Al tomar protesta al Patronato del Sistema para el Desarrollo Integral de la Familia, que preside Liz Adriana Salgado Pineda, la gobernadora Evelyn Salgado Pineda, destac\u00f3 que en Guerrero se trabajar\u00e1 de manera incansable para lograr los beneficios por los que tanto se ha luchado, \u201cen el DIF Guerrero iniciamos un proceso de cambio profundo a trav\u00e9s de pol\u00edticas p\u00fablicas que van a permitir garantizar los derechos elementales de todos los grupos de la sociedad, en especial de los m\u00e1s vulnerables\u201d.<\/p>\n\n\n\n<p>En el evento que se realiz\u00f3 en el teatro Mar\u00eda Luisa Ocampo, asistieron autoridades y habitantes de municipios de las siete regiones del estado, quienes celebraron el inicio de la nueva etapa en el noble organismo.<\/p>\n\n\n\n<p>Al dar su mensaje, la gobernadora destac\u00f3 que \u201ceste es el nuevo rostro del DIF, donde no vienen a servirse sino a servir, donde se acabaron camionetas blindadas y privilegios para los funcionarios y funcionarias, aqu\u00ed servimos al pueblo, se sirve con el coraz\u00f3n. Con el pueblo todo y sin el pueblo nada\u201d<\/p>\n\n\n\n<p>Se\u00f1al\u00f3 que el DIF Guerrero no se trata s\u00f3lo de d\u00e1divas o de asistencialismo, ya que su gobierno tiene el objetivo de generar condiciones reales de igualdad para todas y para todos, de respeto irrestricto a los derechos humanos y de orientar los esfuerzos hac\u00eda el bienestar integral de las y los guerrerenses.<\/p>\n\n\n\n<p>Dijo que los funcionarios del gobierno del estado trabajar\u00e1n de la mano con el DIF Guerrero, con el compromiso y responsabilidad que requiere esa instituci\u00f3n, pues su labor impacta de manera directa en la vida de miles de guerrerenses.<\/p>\n\n\n\n<p>\u201cComo seres humanos, como ciudadanos, como madres y padres de familia tenemos una gran responsabilidad, y como gobierno tenemos la obligaci\u00f3n de poner al servicio del ciudadano una pol\u00edtica de atenci\u00f3n integral a la dignidad humana\u201d, asegur\u00f3 la mandataria.<\/p>\n\n\n\n<p>Manifest\u00f3 que el DIF tender\u00e1 lazos con todas las dependencias de la administraci\u00f3n estatal para mantener absoluta coordinaci\u00f3n y vincular los esfuerzos con las pol\u00edticas transversales de la administraci\u00f3n estatal.<\/p>\n\n\n\n<p>Al hacer uso de la palabra, la presidenta del DIF Guerrero, Liz Adriana Salgado Pineda, expres\u00f3 que contin\u00faa el camino hacia la cuarta transformaci\u00f3n, \u201ces en este lugar donde refrendo mis convicciones para procurar el bienestar de las y los ni\u00f1os guerrerenses, as\u00ed como de los grupos vulnerables, pues no tengo la menor duda que es en familia y con las familias guerrerenses como podremos saldar esa deuda hist\u00f3rica con las y los m\u00e1s necesitados de nuestro pueblo\u201d.<\/p>\n\n\n\n<p>Resalt\u00f3 que caminar\u00e1 junto a la gobernadora para trabajar de la mano y que la transformaci\u00f3n llegue hasta el \u00faltimo rinc\u00f3n del estado, \u201cser\u00e1n las propuestas trabajadas desde abajo, de los sentimientos de las y los guerrerenses, las que marcar\u00e1n la agenda p\u00fablica en los temas con mayor urgencia\u201d.<\/p>\n\n\n\n<p>Asegur\u00f3 que durante su gesti\u00f3n ser\u00e1 prioridad el seguimiento oportuno a cada uno de los programas de bienestar, habr\u00e1 certeza del uso debido de los recursos destinados en beneficio de las familias m\u00e1s necesitadas y del mejoramiento de las condiciones de los comedores comunitarios en la zonas con mayor grado de marginaci\u00f3n en el estado.<\/p>\n\n\n\n<p>Tambi\u00e9n mencion\u00f3 la promoci\u00f3n de un modelo de atenci\u00f3n m\u00e9dica con perspectiva intercultural, la instalaci\u00f3n de mesas de trabajo con la Secretar\u00eda de Educaci\u00f3n para la elaboraci\u00f3n de programas interinstitucionales, la creaci\u00f3n de un espacio para el dise\u00f1o, la gesti\u00f3n y el desarrollo de planes y programas que elaboren pol\u00edticas p\u00fablicas en beneficio de los m\u00e1s necesitados.<\/p>\n\n\n\n<p>Por su parte, el senador F\u00e9lix Salgado Macedonio, felicit\u00f3 al patronato del DIF Guerrero que hoy entra en funciones, \u201cya hac\u00eda falta en nuestro estado de Guerrero que seleccionaran a los mejores perfiles, a gente de academia, cient\u00edficos, que saben, que conocen, pero que, sobretodo, vienen a transformar a nuestro estado, y transformar comienza desde nuestra forma de pensar, nuestro actuar, nuestra conducta; siempre apoyando al pueblo, siempre pensando en el pueblo\u201d.<\/p>\n\n\n\n<p>Subray\u00f3 que en Guerrero se trabaja para poder crear un buen futuro, que no sea de incertidumbre sino de certeza, hay misi\u00f3n, hay visi\u00f3n, hay actitud y hay aptitud\u201d.<\/p>\n\n\n\n<p>Al t\u00e9rmino del evento se organiz\u00f3 una verbena popular, donde se presentaron danzas representativas del estado.<\/p>\n\n\n\n<p>Asistieron organizaciones civiles, legisladores, funcionarios del gobierno del estado, presidentas y presidentes municipales, as\u00ed como presidentas y presidentes de los DIF municipales.<\/p>\n","protected":false},"excerpt":{"rendered":"<p>&#8211; El noble organismo inicia un proceso de cambio profundo, trabajar\u00e1 por la igualdad y por los derechos de los guerrerenses m\u00e1s vulnerables Chilpancingo, Gro., 21 de octubre de 2021.-&hellip; <\/p>\n","protected":false},"author":1,"featured_media":37097,"comment_status":"open","ping_status":"open","sticky":false,"template":"","format":"standard","meta":{"fifu_image_url":"","fifu_image_alt":"","footnotes":""},"categories":[11],"tags":[],"class_list":["post-37096","post","type-post","status-publish","format-standard","has-post-thumbnail","hentry","category-guerrero"],"_links":{"self":[{"href":"https:\/\/www.interaccionnoticias.com.mx\/index.php?rest_route=\/wp\/v2\/posts\/37096","targetHints":{"allow":["GET"]}}],"collection":[{"href":"https:\/\/www.interaccionnoticias.com.mx\/index.php?rest_route=\/wp\/v2\/posts"}],"about":[{"href":"https:\/\/www.interaccionnoticias.com.mx\/index.php?rest_route=\/wp\/v2\/types\/post"}],"author":[{"embeddable":true,"href":"https:\/\/www.interaccionnoticias.com.mx\/index.php?rest_route=\/wp\/v2\/users\/1"}],"replies":[{"embeddable":true,"href":"https:\/\/www.interaccionnoticias.com.mx\/index.php?rest_route=%2Fwp%2Fv2%2Fcomments&post=37096"}],"version-history":[{"count":0,"href":"https:\/\/www.interaccionnoticias.com.mx\/index.php?rest_route=\/wp\/v2\/posts\/37096\/revisions"}],"wp:featuredmedia":[{"embeddable":true,"href":"https:\/\/www.interaccionnoticias.com.mx\/index.php?rest_route=\/wp\/v2\/media\/37097"}],"wp:attachment":[{"href":"https:\/\/www.interaccionnoticias.com.mx\/index.php?rest_route=%2Fwp%2Fv2%2Fmedia&parent=37096"}],"wp:term":[{"taxonomy":"category","embeddable":true,"href":"https:\/\/www.interaccionnoticias.com.mx\/index.php?rest_route=%2Fwp%2Fv2%2Fcategories&post=37096"},{"taxonomy":"post_tag","embeddable":true,"href":"https:\/\/www.interaccionnoticias.com.mx\/index.php?rest_route=%2Fwp%2Fv2%2Ftags&post=37096"}],"curies":[{"name":"wp","href":"https:\/\/api.w.org\/{rel}","templated":true}]}}