{"id":37077,"date":"2021-10-19T18:29:12","date_gmt":"2021-10-19T23:29:12","guid":{"rendered":"http:\/\/www.inter-accion.com.mx\/?p=37077"},"modified":"2021-10-19T18:29:12","modified_gmt":"2021-10-19T23:29:12","slug":"37077","status":"publish","type":"post","link":"https:\/\/www.interaccionnoticias.com.mx\/?p=37077","title":{"rendered":"Inicia proceso de vacunaci\u00f3n a ni\u00f1os de 12 a 17 a\u00f1os de edad con comorbilidades"},"content":{"rendered":"\n<p><strong>Rosario Garc\u00eda Orozco<\/strong><\/p>\n\n\n\n<p><strong>Chilpancingo, Gro., 19 de octubre del 2021.-<\/strong> El gobierno federal solicit\u00f3 a familiares de personas con alguna comorbilidad, en el rango de 12 a 17 a\u00f1os de edad, que comiencen su proceso con el tr\u00e1mite de las constancias m\u00e9dicas para que se puedan registrar los beneficiarios de la vacuna contra Covid.<\/p>\n\n\n\n<p>Mediante un comunicado del gobierno federal, difundido a trav\u00e9s de la Secretar\u00eda del Bienestar, se explic\u00f3 que los menores con alguna discapacidad o enfermedad cr\u00f3nico degenerativa, son considerados como un sector de riesgo y pueden presentar complicaciones por Covid-19, por lo que se decidi\u00f3 inmunizarlos.<\/p>\n\n\n\n<p>Al respecto, Iv\u00e1n Hern\u00e1ndez D\u00edaz, delegado de los programas sociales del gobierno federal mencion\u00f3 que la representaci\u00f3n de la Secretar\u00eda del Bienestar ya se encuentra en la elaboraci\u00f3n de un plan para la vacunaci\u00f3n a este grupo de edad, con el objetivo de que se lleve a cabo \u201cde manera ordenada y cumpliendo los requisitos marcados para la vacunaci\u00f3n; si se cuenta con alguna comorbilidad generada por enfermedades cr\u00f3nico-degenerativas, pulmonares o end\u00f3crinas\u201d.<\/p>\n\n\n\n<p>Refiri\u00f3 que podr\u00e1n ser vacunados los integrantes de ese grupo de edad, pero previamente deben acudir al hospital general, centro de salud o cl\u00ednica comunitaria para tramitar su constancia, y puede ser tambi\u00e9n en el IMSS, ISSSTE, SEDENA o SEMAR para conocer el proceso de la vacunaci\u00f3n y solicitar el certificado m\u00e9dico que acredite su padecimiento.<\/p>\n\n\n\n<p>Sostuvo que el certificado m\u00e9dico es requisito para que se pueda aplicar la vacuna, \u201ces el paso uno para el proceso de vacunaci\u00f3n a ni\u00f1os y adolescentes de 12 a 17 a\u00f1os de edad, que de acuerdo con el certificado m\u00e9dico que emiten las instancias p\u00fablicas se diagnostique con este tipo de enfermedades\u201d.<\/p>\n\n\n\n<p>Iv\u00e1n Hern\u00e1ndez agreg\u00f3 que los ni\u00f1os y adolescentes de este rango de edad con comorbilidades son los primeros que contar\u00e1n con la vacuna, pero m\u00e1s adelante podr\u00e1n ser atendidos el resto de la poblaci\u00f3n, de acuerdo a las dosis disponibles.<\/p>\n","protected":false},"excerpt":{"rendered":"<p>Rosario Garc\u00eda Orozco Chilpancingo, Gro., 19 de octubre del 2021.- El gobierno federal solicit\u00f3 a familiares de personas con alguna comorbilidad, en el rango de 12 a 17 a\u00f1os de&hellip; <\/p>\n","protected":false},"author":1,"featured_media":37073,"comment_status":"open","ping_status":"open","sticky":false,"template":"","format":"standard","meta":{"fifu_image_url":"","fifu_image_alt":"","footnotes":""},"categories":[3],"tags":[],"class_list":["post-37077","post","type-post","status-publish","format-standard","has-post-thumbnail","hentry","category-covid-19"],"_links":{"self":[{"href":"https:\/\/www.interaccionnoticias.com.mx\/index.php?rest_route=\/wp\/v2\/posts\/37077","targetHints":{"allow":["GET"]}}],"collection":[{"href":"https:\/\/www.interaccionnoticias.com.mx\/index.php?rest_route=\/wp\/v2\/posts"}],"about":[{"href":"https:\/\/www.interaccionnoticias.com.mx\/index.php?rest_route=\/wp\/v2\/types\/post"}],"author":[{"embeddable":true,"href":"https:\/\/www.interaccionnoticias.com.mx\/index.php?rest_route=\/wp\/v2\/users\/1"}],"replies":[{"embeddable":true,"href":"https:\/\/www.interaccionnoticias.com.mx\/index.php?rest_route=%2Fwp%2Fv2%2Fcomments&post=37077"}],"version-history":[{"count":0,"href":"https:\/\/www.interaccionnoticias.com.mx\/index.php?rest_route=\/wp\/v2\/posts\/37077\/revisions"}],"wp:featuredmedia":[{"embeddable":true,"href":"https:\/\/www.interaccionnoticias.com.mx\/index.php?rest_route=\/wp\/v2\/media\/37073"}],"wp:attachment":[{"href":"https:\/\/www.interaccionnoticias.com.mx\/index.php?rest_route=%2Fwp%2Fv2%2Fmedia&parent=37077"}],"wp:term":[{"taxonomy":"category","embeddable":true,"href":"https:\/\/www.interaccionnoticias.com.mx\/index.php?rest_route=%2Fwp%2Fv2%2Fcategories&post=37077"},{"taxonomy":"post_tag","embeddable":true,"href":"https:\/\/www.interaccionnoticias.com.mx\/index.php?rest_route=%2Fwp%2Fv2%2Ftags&post=37077"}],"curies":[{"name":"wp","href":"https:\/\/api.w.org\/{rel}","templated":true}]}}