{"id":3707,"date":"2017-04-23T12:15:54","date_gmt":"2017-04-23T17:15:54","guid":{"rendered":"http:\/\/www.inter-accion.com.mx\/?p=3707"},"modified":"2017-04-23T12:15:54","modified_gmt":"2017-04-23T17:15:54","slug":"acapulco-ya-no-es-la-ciudad-mas-insegura-dice-el-alcalde","status":"publish","type":"post","link":"https:\/\/www.interaccionnoticias.com.mx\/?p=3707","title":{"rendered":"Acapulco ya no es la ciudad m\u00e1s insegura, dice el alcalde"},"content":{"rendered":"<p><span style=\"font-weight: 400;\">El alcalde de Acapulco, Evodio Vel\u00e1zquez Aguirre sostuvo que su municipio ya no est\u00e1 entre los m\u00e1s violentos del pa\u00eds.<\/span><br \/>\n<span style=\"font-weight: 400;\">En primer edil porte\u00f1o estuvo en Chilpancingo, en donde acudi\u00f3 para acompa\u00f1ar el sepelio del secretario general del PRD, Demetrio Sald\u00edvar G\u00f3mez.<\/span><br \/>\n<span style=\"font-weight: 400;\">Al ser abordado por los medios de comunicaci\u00f3n, Vel\u00e1zquez Aguirre sostuvo que de acuerdo con datos del Instituto Nacional de Geograf\u00eda y Estad\u00edstica (Inegi), la percepci\u00f3n social de la violencia ha disminuido de manera importante. &nbsp;&nbsp;&nbsp;&nbsp;&nbsp;&nbsp;&nbsp;&nbsp;&nbsp;&nbsp;&nbsp;&nbsp;&nbsp;<\/span><br \/>\n<span style=\"font-weight: 400;\">En esa parte, dijo que independientemente del partido que gobierne el estado y los municipios, se deben sumar esfuerzos para garantizar que el tema de la inseguridad rebase a las instituciones del Estado Mexicano.<\/span><br \/>\n<span style=\"font-weight: 400;\">\u201cLo que ha pasado en Acapulco es que hemos avanzado, el puerto tiene un nuevo aire y una nueva visi\u00f3n\u201d, asever\u00f3.<\/span><br \/>\n<span style=\"font-weight: 400;\">El jefe de cabildo manifest\u00f3 que hay en el puerto un momento muy diferente al que se ten\u00eda cuando asumi\u00f3 las riendas del ayuntamiento.<\/span><br \/>\n<span style=\"font-weight: 400;\">De hecho, sostuvo que el sector turismo registra un proceso de reactivaci\u00f3n, lo que se pudo observar en la temporada de Semana Santa.<\/span><br \/>\n&nbsp;<\/p>\n","protected":false},"excerpt":{"rendered":"<p>El alcalde de Acapulco, Evodio Vel\u00e1zquez Aguirre sostuvo que su municipio ya no est\u00e1 entre los m\u00e1s violentos del pa\u00eds. En primer edil porte\u00f1o estuvo en Chilpancingo, en donde acudi\u00f3&hellip; <\/p>\n","protected":false},"author":1,"featured_media":0,"comment_status":"open","ping_status":"open","sticky":false,"template":"","format":"standard","meta":{"fifu_image_url":"","fifu_image_alt":"","footnotes":""},"categories":[8,23],"tags":[],"class_list":["post-3707","post","type-post","status-publish","format-standard","hentry","category-featured","category-regionales"],"_links":{"self":[{"href":"https:\/\/www.interaccionnoticias.com.mx\/index.php?rest_route=\/wp\/v2\/posts\/3707","targetHints":{"allow":["GET"]}}],"collection":[{"href":"https:\/\/www.interaccionnoticias.com.mx\/index.php?rest_route=\/wp\/v2\/posts"}],"about":[{"href":"https:\/\/www.interaccionnoticias.com.mx\/index.php?rest_route=\/wp\/v2\/types\/post"}],"author":[{"embeddable":true,"href":"https:\/\/www.interaccionnoticias.com.mx\/index.php?rest_route=\/wp\/v2\/users\/1"}],"replies":[{"embeddable":true,"href":"https:\/\/www.interaccionnoticias.com.mx\/index.php?rest_route=%2Fwp%2Fv2%2Fcomments&post=3707"}],"version-history":[{"count":0,"href":"https:\/\/www.interaccionnoticias.com.mx\/index.php?rest_route=\/wp\/v2\/posts\/3707\/revisions"}],"wp:attachment":[{"href":"https:\/\/www.interaccionnoticias.com.mx\/index.php?rest_route=%2Fwp%2Fv2%2Fmedia&parent=3707"}],"wp:term":[{"taxonomy":"category","embeddable":true,"href":"https:\/\/www.interaccionnoticias.com.mx\/index.php?rest_route=%2Fwp%2Fv2%2Fcategories&post=3707"},{"taxonomy":"post_tag","embeddable":true,"href":"https:\/\/www.interaccionnoticias.com.mx\/index.php?rest_route=%2Fwp%2Fv2%2Ftags&post=3707"}],"curies":[{"name":"wp","href":"https:\/\/api.w.org\/{rel}","templated":true}]}}