{"id":37068,"date":"2021-10-19T18:16:46","date_gmt":"2021-10-19T23:16:46","guid":{"rendered":"http:\/\/www.inter-accion.com.mx\/?p=37068"},"modified":"2021-10-19T18:16:46","modified_gmt":"2021-10-19T23:16:46","slug":"37068","status":"publish","type":"post","link":"https:\/\/www.interaccionnoticias.com.mx\/?p=37068","title":{"rendered":"Es muy importante que sigamos implementado las medidas para continuar en sem\u00e1foro verde: Evelyn Salgado"},"content":{"rendered":"\n<p><strong><em>&#8211; Llama a la poblaci\u00f3n a completar su esquema de vacunaci\u00f3n contra Covid<\/em><\/strong><\/p>\n\n\n\n<p><strong>Acapulco, Guerrero., 19 de octubre de 2021.-<\/strong> Durante la transmisi\u00f3n diaria para conocer la situaci\u00f3n de la pandemia, la gobernadora del estado, Evelyn Salgado Pineda llam\u00f3 a la poblaci\u00f3n a acudir puntualmente a recibir la segunda dosis de vacunaci\u00f3n y con ello concluir su esquema de inmunizaci\u00f3n.<\/p>\n\n\n\n<p>En compa\u00f1\u00eda del subsecretario de Salud, Jes\u00fas Ulises Adame, la presidenta municipal, Abelina L\u00f3pez Rodr\u00edguez y el delegado en Guerrero de los programas federales, Iv\u00e1n Hern\u00e1ndez D\u00edaz, la gobernadora, enfatiz\u00f3 la importancia de seguir aplicando las medidas preventivas para lograr que Guerrero se siga ubicando en el color verde del sem\u00e1foro epidemiol\u00f3gico.<\/p>\n\n\n\n<p>Asimismo se dio a conocer que se encuentra en marcha el proceso para la vacunaci\u00f3n de la poblaci\u00f3n de 12 a 17 a\u00f1os que presenten alguna comorbilidad, por lo cual es necesario que asistan a alguna de las instituciones p\u00fablicas de Salud, para conocer c\u00f3mo se llevar\u00e1 a cabo y obtener el certificado que acredite el padecimiento.<\/p>\n\n\n\n<p>El delegado federal detall\u00f3 que en el caso de los no derechohabientes y que reciben atenci\u00f3n en instituciones privadas, deber\u00e1n estar pendientes a la informaci\u00f3n que emita la Secretar\u00eda del Bienestar.<\/p>\n\n\n\n<p>Tambi\u00e9n record\u00f3 que contin\u00faa la campa\u00f1a de vacunaci\u00f3n de segundas dosis en los municipios de Chilpancingo, Chilapa, Mochitl\u00e1n, Zitlala, Quechultenango, Ahuacuotzingo y Juan R. Escudero, por lo que se uni\u00f3 al llamado de la gobernadora, para pedirle a la poblaci\u00f3n que acuda a vacunarse.<\/p>\n\n\n\n<p>En lo que respecta a los datos de la pandemia, el subsecretario de Salud dio a conocer que en la Semana Epidemiol\u00f3gica 42, la entidad contin\u00faa en sem\u00e1foro verde, con 182 casos activos y 10 casos nuevos.<\/p>\n\n\n\n<p>De acuerdo a los datos, los municipios de Taxco, Acapulco e Iguala, son los que presentan la mayor tasa de incidencia. En cuanto a la hospitalizaci\u00f3n, hay un registro de 67 pacientes, de los cuales 64 est\u00e1n graves y 3 en estado cr\u00edtico.<\/p>\n\n\n\n<p>El rubro de las defunciones presenta un promedio de 6.1 decesos diarios; mientras que la ocupaci\u00f3n hospitalaria, presenta un \u00edndice de 12 por ciento en camas generales y un 3 por ciento en camas con ventilador.<\/p>\n\n\n\n<p>Para culminar su participaci\u00f3n, el representante de Salud pidi\u00f3 a la poblaci\u00f3n que en caso de presentar alguno de los s\u00edntomas, acuda directamente a recibir atenci\u00f3n medica.<\/p>\n","protected":false},"excerpt":{"rendered":"<p>&#8211; Llama a la poblaci\u00f3n a completar su esquema de vacunaci\u00f3n contra Covid Acapulco, Guerrero., 19 de octubre de 2021.- Durante la transmisi\u00f3n diaria para conocer la situaci\u00f3n de la&hellip; <\/p>\n","protected":false},"author":1,"featured_media":37051,"comment_status":"open","ping_status":"open","sticky":false,"template":"","format":"standard","meta":{"fifu_image_url":"","fifu_image_alt":"","footnotes":""},"categories":[11],"tags":[],"class_list":["post-37068","post","type-post","status-publish","format-standard","has-post-thumbnail","hentry","category-guerrero"],"_links":{"self":[{"href":"https:\/\/www.interaccionnoticias.com.mx\/index.php?rest_route=\/wp\/v2\/posts\/37068","targetHints":{"allow":["GET"]}}],"collection":[{"href":"https:\/\/www.interaccionnoticias.com.mx\/index.php?rest_route=\/wp\/v2\/posts"}],"about":[{"href":"https:\/\/www.interaccionnoticias.com.mx\/index.php?rest_route=\/wp\/v2\/types\/post"}],"author":[{"embeddable":true,"href":"https:\/\/www.interaccionnoticias.com.mx\/index.php?rest_route=\/wp\/v2\/users\/1"}],"replies":[{"embeddable":true,"href":"https:\/\/www.interaccionnoticias.com.mx\/index.php?rest_route=%2Fwp%2Fv2%2Fcomments&post=37068"}],"version-history":[{"count":0,"href":"https:\/\/www.interaccionnoticias.com.mx\/index.php?rest_route=\/wp\/v2\/posts\/37068\/revisions"}],"wp:featuredmedia":[{"embeddable":true,"href":"https:\/\/www.interaccionnoticias.com.mx\/index.php?rest_route=\/wp\/v2\/media\/37051"}],"wp:attachment":[{"href":"https:\/\/www.interaccionnoticias.com.mx\/index.php?rest_route=%2Fwp%2Fv2%2Fmedia&parent=37068"}],"wp:term":[{"taxonomy":"category","embeddable":true,"href":"https:\/\/www.interaccionnoticias.com.mx\/index.php?rest_route=%2Fwp%2Fv2%2Fcategories&post=37068"},{"taxonomy":"post_tag","embeddable":true,"href":"https:\/\/www.interaccionnoticias.com.mx\/index.php?rest_route=%2Fwp%2Fv2%2Ftags&post=37068"}],"curies":[{"name":"wp","href":"https:\/\/api.w.org\/{rel}","templated":true}]}}