{"id":37049,"date":"2021-10-19T17:25:11","date_gmt":"2021-10-19T22:25:11","guid":{"rendered":"http:\/\/www.inter-accion.com.mx\/?p=37049"},"modified":"2021-10-19T17:25:11","modified_gmt":"2021-10-19T22:25:11","slug":"37049","status":"publish","type":"post","link":"https:\/\/www.interaccionnoticias.com.mx\/?p=37049","title":{"rendered":"Acusan a Evodio Vel\u00e1zquez de inclinarse \u201cpara donde sopla el viento\u201d"},"content":{"rendered":"\n<p><strong><em>&#8211; Celestino Ces\u00e1reo le recuerda que busc\u00f3 la alianza con el PRI, con la esperanza de encabezar la coalici\u00f3n<br>&#8211; Ahora que Morena est\u00e1 en el poder, pretende orientar hacia all\u00e1 los acercamientos<\/em><\/strong><\/p>\n\n\n\n<p><strong>Rogelio Agust\u00edn<\/strong><\/p>\n\n\n\n<p>El exdiputado local, Celestino Ces\u00e1reo Guzm\u00e1n acus\u00f3 al ex precandidato del PRD a la gubernatura, Evodio Vel\u00e1zquez Aguirre de asumir una postura convenenciera al plantear que ya no haya m\u00e1s alianzas con el PRI ni el PAN y proponer un acercamiento con la izquierda.<\/p>\n\n\n\n<p>Ces\u00e1reo Guzm\u00e1n sostuvo que cuando el PRI estaba en el gobierno, Evodio Vel\u00e1zquez propuso la alianza con dicho partido porque ten\u00eda la esperanza de encabezar la coalici\u00f3n. Ahora que Morena est\u00e1 en el gobierno, pretende orientar el acercamiento en su direcci\u00f3n\u201d.<\/p>\n\n\n\n<p>En consecuencia, el exlegislador, advirti\u00f3 que la incongruencia se paga con la p\u00e9rdida de credibilidad.<\/p>\n\n\n\n<p>Lo anterior, luego de que el ex alcalde de Acapulco llamara a no impulsar m\u00e1s alianzas \u201ccon la derecha\u201d, en referencia al PAN, con el que caminaron aliados en 2018 y al PRI, con quien pelearon juntos por la gubernatura del estado.}<\/p>\n\n\n\n<p>El excoordinador de la bancada del sol azteca en el Congreso de Guerrero, sostuvo que no se puede asumir una posici\u00f3n a conveniencia, en temas que en realidad son m\u00e1s complicados.<\/p>\n\n\n\n<p>\u201cAsumir una posici\u00f3n pol\u00edtica acomodaticia, inclin\u00e1ndose para donde sopla el viento, puede parecer f\u00e1cil, pero dice mucho, habla mal de quienes asumen esa postura\u201d, anot\u00f3.<\/p>\n\n\n\n<p>Y se\u00f1al\u00f3: \u201cCuando el PRI estaba en el poder, Evodio Vel\u00e1zquez plante\u00f3 la alianza con el PRI, entiendo que con el sue\u00f1o de ser el candidato de esa alianza\u201d.<\/p>\n\n\n\n<p>Luego complement\u00f3 la idea: \u201cAhora que Morena est\u00e9 en el poder. Su postura es de acercamiento con el gobierno de Morena\u201d.<\/p>\n\n\n\n<p>En consecuencia, estableci\u00f3 que ser congruente resulta muy b\u00e1sico e importante, para que sean cre\u00edbles, tanto el mensaje como el mensajero.<\/p>\n\n\n\n<p>Manifest\u00f3 que la pol\u00edtica es mucho m\u00e1s que el inter\u00e9s de una persona o grupo, ya que est\u00e1 sustentada en ideas, principios y valores.<\/p>\n\n\n\n<p>Por eso es que sostuvo: \u201cLas trayectorias se construyen todos los d\u00edas con mucho trabajo, pero el prestigio que ganas lo puedes perder de la noche a la ma\u00f1ana por un error\u201d.<\/p>\n\n\n\n<p>El exrepresentante popular indic\u00f3 que los hechos cuentan para construir una imagen, pero tambi\u00e9n se debe tomar en cuenta el pasado, pues las dudas por aclarar en el ejercicio del poder p\u00fablico sirven siempre como puntos de referencia.<\/p>\n\n\n\n<p>Y cerr\u00f3: \u201cEs mejor actuar bajo el sabio consejo: congruencia para la sobrevivencia, el PRD tiene futuro, pero anclado en el trabajo, la congruencia y la honestidad\u201d.<\/p>\n","protected":false},"excerpt":{"rendered":"<p>&#8211; Celestino Ces\u00e1reo le recuerda que busc\u00f3 la alianza con el PRI, con la esperanza de encabezar la coalici\u00f3n&#8211; Ahora que Morena est\u00e1 en el poder, pretende orientar hacia all\u00e1&hellip; <\/p>\n","protected":false},"author":1,"featured_media":37050,"comment_status":"open","ping_status":"open","sticky":false,"template":"","format":"standard","meta":{"fifu_image_url":"","fifu_image_alt":"","footnotes":""},"categories":[21],"tags":[],"class_list":["post-37049","post","type-post","status-publish","format-standard","has-post-thumbnail","hentry","category-politica"],"_links":{"self":[{"href":"https:\/\/www.interaccionnoticias.com.mx\/index.php?rest_route=\/wp\/v2\/posts\/37049","targetHints":{"allow":["GET"]}}],"collection":[{"href":"https:\/\/www.interaccionnoticias.com.mx\/index.php?rest_route=\/wp\/v2\/posts"}],"about":[{"href":"https:\/\/www.interaccionnoticias.com.mx\/index.php?rest_route=\/wp\/v2\/types\/post"}],"author":[{"embeddable":true,"href":"https:\/\/www.interaccionnoticias.com.mx\/index.php?rest_route=\/wp\/v2\/users\/1"}],"replies":[{"embeddable":true,"href":"https:\/\/www.interaccionnoticias.com.mx\/index.php?rest_route=%2Fwp%2Fv2%2Fcomments&post=37049"}],"version-history":[{"count":0,"href":"https:\/\/www.interaccionnoticias.com.mx\/index.php?rest_route=\/wp\/v2\/posts\/37049\/revisions"}],"wp:featuredmedia":[{"embeddable":true,"href":"https:\/\/www.interaccionnoticias.com.mx\/index.php?rest_route=\/wp\/v2\/media\/37050"}],"wp:attachment":[{"href":"https:\/\/www.interaccionnoticias.com.mx\/index.php?rest_route=%2Fwp%2Fv2%2Fmedia&parent=37049"}],"wp:term":[{"taxonomy":"category","embeddable":true,"href":"https:\/\/www.interaccionnoticias.com.mx\/index.php?rest_route=%2Fwp%2Fv2%2Fcategories&post=37049"},{"taxonomy":"post_tag","embeddable":true,"href":"https:\/\/www.interaccionnoticias.com.mx\/index.php?rest_route=%2Fwp%2Fv2%2Ftags&post=37049"}],"curies":[{"name":"wp","href":"https:\/\/api.w.org\/{rel}","templated":true}]}}