{"id":37032,"date":"2021-10-18T19:38:49","date_gmt":"2021-10-19T00:38:49","guid":{"rendered":"http:\/\/www.inter-accion.com.mx\/?p=37032"},"modified":"2021-10-18T19:38:49","modified_gmt":"2021-10-19T00:38:49","slug":"37032","status":"publish","type":"post","link":"https:\/\/www.interaccionnoticias.com.mx\/?p=37032","title":{"rendered":"El impulso de la actividad tur\u00edstica en Guerrero est\u00e1 iniciando con el pie derecho: Evelyn Salgado"},"content":{"rendered":"\n<p><strong><em>&#8211; Se pronuncia la gobernadora por promover la conectividad a nivel nacional de los destinos de playa e impulsar la cadena de valor tur\u00edstica<br>&#8211; Presentan el vuelo Toluca-Acapulco, de la empresa Aeromar; se estima que atender\u00e1 mensualmente a mil pasajeros<br>&#8211; Iniciar\u00e1 operaciones el 9 de diciembre, con tres frecuencias semanales<\/em><\/strong><\/p>\n\n\n\n<p><strong>Acapulco, Guerrero., 18 de octubre de 2021.-<\/strong> \u201cEl impulso de la actividad tur\u00edstica en Guerrero est\u00e1 iniciando con el pie derecho\u201d, se\u00f1al\u00f3 la gobernadora Evelyn Salgado Pineda, al asistir a la presentaci\u00f3n del vuelo Toluca-Acapulco, de la empresa Aeromar. Con esta acci\u00f3n se impulsa una alianza estrat\u00e9gica, para promover la conectividad a nivel nacional de este destino de playa, impulsando con ello la cadena de valor tur\u00edstica.<\/p>\n\n\n\n<p>Ante empresarios del sector, as\u00ed como autoridades estatales y municipales, la gobernadora del estado dijo que es momento de impulsar el turismo, con la participaci\u00f3n, aportaci\u00f3n y visi\u00f3n de todas y todos. Se\u00f1al\u00f3 que para los guerrerenses es muy importante este desarrollo tur\u00edstico, con visi\u00f3n de futuro, que fortalezca a los diferentes destinos con los que cuenta la entidad; asimismo pidi\u00f3 a los empresarios tener confianza en este nuevo gobierno y en el trabajo que se est\u00e1 realizando, para seguir en esta ruta.<\/p>\n\n\n\n<p>En su mensaje Salgado Pineda enfatiz\u00f3 que es momento de impulsar y de detonar el turismo, en un espacio de fortalecimiento integral de las siete regiones del estado, con su cultura, tradici\u00f3n y gastronom\u00eda. \u201cAqu\u00ed hay misi\u00f3n, hay visi\u00f3n, hay objetivo y definitivamente, pues hay voluntad, hay trabajo, que es lo m\u00e1s importante\u201d, a\u00f1adi\u00f3.<\/p>\n\n\n\n<p>\u201cCon esta alianza, el Estado de M\u00e9xico y Guerrero ahora est\u00e1n m\u00e1s cerca que nunca; est\u00e1n ya a unos minutos y bueno, poco m\u00e1s de 16 millones de habitantes mexiquenses, en especial casi un mill\u00f3n de habitantes, que son los que viven en Toluca, pues van a tener ahora su propia playa, su propia casa que es Acapulco, donde los vamos a recibir con los brazos abiertos, como se debe de recibir a todos nuestros turistas\u201d, expres\u00f3.<\/p>\n\n\n\n<p>Ofreci\u00f3 todo su respaldo y apoyo a los empresarios del sector, para seguir trabajando en la estrategia que permita incidir en la llegada de m\u00e1s turistas. Destac\u00f3 el trabajo del secretario de Turismo, Santos Ram\u00edrez Cuevas, quien conoce todo lo relacionado con esta \u00e1rea, para materializar en acciones todos los proyectos enfocados a impulsar el turismo en Guerrero.<\/p>\n\n\n\n<p>\u201cVienen m\u00e1s noticias para nuestro Acapulco y para nuestro Guerrero, porque la esperanza est\u00e1 presente aqu\u00ed y con la llegada de la Cuarta Transformaci\u00f3n, tambi\u00e9n vienen grandes noticias en materia tur\u00edstica. Muchas felicidades a quienes hoy est\u00e1n confiando en Acapulco, en Guerrero\u201d, dijo.<\/p>\n\n\n\n<p>En su participaci\u00f3n, el secretario de Turismo destac\u00f3 que en esta nueva etapa, la gobernadora ha priorizado el poder recuperar la conectividad, as\u00ed como incluir a todos los elementos del sector y sobre todo, promover la consolidaci\u00f3n de resultados. \u201cTenemos un plan muy bien dise\u00f1ado, no vamos a llegar a improvisar, sino a mejorar indicadores y de la mano de todos los secretarios de Turismo municipales o directores, as\u00ed como de otras dependencias hermanas, estamos seguros de buscar una ruta en la cual, presentemos resultados\u201d, refiri\u00f3.<\/p>\n\n\n\n<p>De acuerdo con lo informado por el director comercial de Aromar, Juan Ignacio Rosello, el vuelo Toluca-Acapulco iniciar\u00e1 operaciones el pr\u00f3ximo 9 de diciembre, contar\u00e1 con tres frecuencias semanales y se estima que, se atender\u00e1 mensualmente a mil pasajeros.<\/p>\n\n\n\n<p>Acompa\u00f1aron a la gobernadora, la presidenta municipal de Acapulco, Abelina L\u00f3pez Rodr\u00edguez; la secretaria de Fomento y Desarrollo Econ\u00f3mico, Teodora Ram\u00edrez Vega; el director general de OMA, Ricardo Due\u00f1as; el secretario de Turismo de Acapulco, David Abarca Rodr\u00edguez as\u00ed como representantes de diversas asociaciones de Turismo.<\/p>\n\n\n\n<p>Al t\u00e9rmino del evento y en entrevista con reporteros, la gobernadora Evelyn Salgado, destac\u00f3 el trabajo emprendido por la alcaldesa Abelina L\u00f3pez Rodr\u00edguez para reforzar el tema de los servicios p\u00fablicos en Acapulco, esfuerzo que requiere la participaci\u00f3n ciudadana para lograr la transformaci\u00f3n del puerto y de Guerrero.<\/p>\n","protected":false},"excerpt":{"rendered":"<p>&#8211; Se pronuncia la gobernadora por promover la conectividad a nivel nacional de los destinos de playa e impulsar la cadena de valor tur\u00edstica&#8211; Presentan el vuelo Toluca-Acapulco, de la&hellip; <\/p>\n","protected":false},"author":1,"featured_media":37028,"comment_status":"open","ping_status":"open","sticky":false,"template":"","format":"standard","meta":{"fifu_image_url":"","fifu_image_alt":"","footnotes":""},"categories":[11],"tags":[89],"class_list":["post-37032","post","type-post","status-publish","format-standard","has-post-thumbnail","hentry","category-guerrero","tag-evelyn-salgado-pineda"],"_links":{"self":[{"href":"https:\/\/www.interaccionnoticias.com.mx\/index.php?rest_route=\/wp\/v2\/posts\/37032","targetHints":{"allow":["GET"]}}],"collection":[{"href":"https:\/\/www.interaccionnoticias.com.mx\/index.php?rest_route=\/wp\/v2\/posts"}],"about":[{"href":"https:\/\/www.interaccionnoticias.com.mx\/index.php?rest_route=\/wp\/v2\/types\/post"}],"author":[{"embeddable":true,"href":"https:\/\/www.interaccionnoticias.com.mx\/index.php?rest_route=\/wp\/v2\/users\/1"}],"replies":[{"embeddable":true,"href":"https:\/\/www.interaccionnoticias.com.mx\/index.php?rest_route=%2Fwp%2Fv2%2Fcomments&post=37032"}],"version-history":[{"count":0,"href":"https:\/\/www.interaccionnoticias.com.mx\/index.php?rest_route=\/wp\/v2\/posts\/37032\/revisions"}],"wp:featuredmedia":[{"embeddable":true,"href":"https:\/\/www.interaccionnoticias.com.mx\/index.php?rest_route=\/wp\/v2\/media\/37028"}],"wp:attachment":[{"href":"https:\/\/www.interaccionnoticias.com.mx\/index.php?rest_route=%2Fwp%2Fv2%2Fmedia&parent=37032"}],"wp:term":[{"taxonomy":"category","embeddable":true,"href":"https:\/\/www.interaccionnoticias.com.mx\/index.php?rest_route=%2Fwp%2Fv2%2Fcategories&post=37032"},{"taxonomy":"post_tag","embeddable":true,"href":"https:\/\/www.interaccionnoticias.com.mx\/index.php?rest_route=%2Fwp%2Fv2%2Ftags&post=37032"}],"curies":[{"name":"wp","href":"https:\/\/api.w.org\/{rel}","templated":true}]}}