{"id":36976,"date":"2021-10-18T14:17:47","date_gmt":"2021-10-18T19:17:47","guid":{"rendered":"http:\/\/www.inter-accion.com.mx\/?p=36976"},"modified":"2021-10-18T14:17:47","modified_gmt":"2021-10-18T19:17:47","slug":"36976","status":"publish","type":"post","link":"https:\/\/www.interaccionnoticias.com.mx\/?p=36976","title":{"rendered":"Alcalde de Tixtla arranca programa de lumbrada p\u00fablico"},"content":{"rendered":"\n<p><strong>Tixtla, Guerrero a 18 de octubre de 2021.-<\/strong> El presidente municipal de Tixtla, el Profr. Mois\u00e9s Antonio Gonz\u00e1lez Caba\u00f1as y la directora de Servicios P\u00fablicos, la Lic. Teresa Leyva Gonz\u00e1lez dieron el banderazo de arranque al programa \u201cIluminando Tixtla\u201d, en su primera etapa, con el que se pretende atender la necesidad de alumbrado p\u00fablico en la zona urbana y rural del municipio.<\/p>\n\n\n\n<p>Este arranque se llev\u00f3 a cabo en la localidad de Ojitos de Agua, en donde la directora de la dependencia agradeci\u00f3 el recibimiento y la hospitalidad de los ciudadanos, y se comprometi\u00f3 a velar para que todos los pueblos de Tixtla tengan esta atenci\u00f3n y todas las que competen a servicios p\u00fablicos.<\/p>\n\n\n\n<p>En su mensaje, el presidente municipal asegur\u00f3 la importancia de contar con servicios p\u00fablicos en buenas condiciones, por lo que coment\u00f3 que se impulsar\u00e1 este programa tambi\u00e9n en las 17 comunidades del municipio.<\/p>\n","protected":false},"excerpt":{"rendered":"<p>Tixtla, Guerrero a 18 de octubre de 2021.- El presidente municipal de Tixtla, el Profr. Mois\u00e9s Antonio Gonz\u00e1lez Caba\u00f1as y la directora de Servicios P\u00fablicos, la Lic. Teresa Leyva Gonz\u00e1lez&hellip; <\/p>\n","protected":false},"author":1,"featured_media":36978,"comment_status":"open","ping_status":"open","sticky":false,"template":"","format":"standard","meta":{"fifu_image_url":"","fifu_image_alt":"","footnotes":""},"categories":[23],"tags":[],"class_list":["post-36976","post","type-post","status-publish","format-standard","has-post-thumbnail","hentry","category-regionales"],"_links":{"self":[{"href":"https:\/\/www.interaccionnoticias.com.mx\/index.php?rest_route=\/wp\/v2\/posts\/36976","targetHints":{"allow":["GET"]}}],"collection":[{"href":"https:\/\/www.interaccionnoticias.com.mx\/index.php?rest_route=\/wp\/v2\/posts"}],"about":[{"href":"https:\/\/www.interaccionnoticias.com.mx\/index.php?rest_route=\/wp\/v2\/types\/post"}],"author":[{"embeddable":true,"href":"https:\/\/www.interaccionnoticias.com.mx\/index.php?rest_route=\/wp\/v2\/users\/1"}],"replies":[{"embeddable":true,"href":"https:\/\/www.interaccionnoticias.com.mx\/index.php?rest_route=%2Fwp%2Fv2%2Fcomments&post=36976"}],"version-history":[{"count":0,"href":"https:\/\/www.interaccionnoticias.com.mx\/index.php?rest_route=\/wp\/v2\/posts\/36976\/revisions"}],"wp:featuredmedia":[{"embeddable":true,"href":"https:\/\/www.interaccionnoticias.com.mx\/index.php?rest_route=\/wp\/v2\/media\/36978"}],"wp:attachment":[{"href":"https:\/\/www.interaccionnoticias.com.mx\/index.php?rest_route=%2Fwp%2Fv2%2Fmedia&parent=36976"}],"wp:term":[{"taxonomy":"category","embeddable":true,"href":"https:\/\/www.interaccionnoticias.com.mx\/index.php?rest_route=%2Fwp%2Fv2%2Fcategories&post=36976"},{"taxonomy":"post_tag","embeddable":true,"href":"https:\/\/www.interaccionnoticias.com.mx\/index.php?rest_route=%2Fwp%2Fv2%2Ftags&post=36976"}],"curies":[{"name":"wp","href":"https:\/\/api.w.org\/{rel}","templated":true}]}}