{"id":36963,"date":"2021-10-06T17:57:11","date_gmt":"2021-10-06T22:57:11","guid":{"rendered":"http:\/\/www.inter-accion.com.mx\/?p=36963"},"modified":"2021-10-06T17:57:11","modified_gmt":"2021-10-06T22:57:11","slug":"36963","status":"publish","type":"post","link":"https:\/\/www.interaccionnoticias.com.mx\/?p=36963","title":{"rendered":"FGE niega carpetazo en la investigaci\u00f3n que involucra a la Normal de Ayotzinapa"},"content":{"rendered":"\n<p><strong><em>&#8211; La dependencia informa que ya se perfecciona la investigaci\u00f3n sobre el accidente en que murieron dos personas<br>&#8211; Llegado el momento se judicializar\u00e1 a quien manejaba el autob\u00fas ocupado por los normalistas<\/em><\/strong><\/p>\n\n\n\n<p><strong>Rogelio Agust\u00edn<\/strong><\/p>\n\n\n\n<p>La Fiscal\u00eda General del Estado (FGE) neg\u00f3 que pretenda aplicar un carpetazo a la investigaci\u00f3n relacionada con el accidente en que murieron dos personas, entre ellas el profesor de artes marciales Jacinto Palacios Celino, luego de que su autom\u00f3vil fuera embestido por un autob\u00fas utilizado por estudiantes de la Normal Rural de Ayotzinapa.<\/p>\n\n\n\n<p>La jornada del martes 5 de octubre, un grupo de 30 personas, encabezados por la esposa e hijos del profesor de artes marciales mixtas marcharon en las calles de Chilpancingo, pasando por las instalaciones del Congreso local y la Fiscal\u00eda de Guerrero.<\/p>\n\n\n\n<p>Bibiana Palacios Espinosa, hija de Jacinto Palacios, dijo que a 18 d\u00edas del percance, resulta sospechoso y preocupante que no se den a conocer los resultados del peritaje realizado en el punto en que el veh\u00edculo en que circulaba su pap\u00e1 y la se\u00f1ora Raquel Acosta Ayala, la tarde del viernes 17 de septiembre.<\/p>\n\n\n\n<p>La joven reproch\u00f3 que al no dar a conocer quien iba al volante del autob\u00fas, los estudiantes de Ayotzinapa le impidan a su familia acceder a la justicia, lo que contradice al movimiento de los 43 normalistas desaparecidos en 2014, tras los ataques de Iguala, pues el reclamo en ese caso es verdad y justicia, lo que ahora le niegan a las familias agraviadas.<\/p>\n\n\n\n<p><strong>No hay carpetazo<\/strong><\/p>\n\n\n\n<p>Este mi\u00e9rcoles 6 de octubre, la Fiscal\u00eda General del Estado (FGE) inform\u00f3 que la investigaci\u00f3n por el accidente se mantiene activa.<\/p>\n\n\n\n<p>La dependencia indic\u00f3 que la indagatoria se desarrolla por el delito de homicidio culposo, provocado por tr\u00e1nsito de veh\u00edculo, mismo que se suscit\u00f3 sobre carretera nuevo libramiento Tixtla-Chilpancingo.<\/p>\n\n\n\n<p>Las unidades involucradas son un autob\u00fas, del que no se aportan detalles y un veh\u00edculo de la marca Volkswagen, color gris, placas de circulaci\u00f3n HAG7340 del estado de Guerrero.<\/p>\n\n\n\n<p>Las victimas mortales fueron el promotor deportivo y la se\u00f1ora Acosta Ayala, quienes fueron calcinados dentro del coche.<\/p>\n\n\n\n<p>\u201cLos peritajes contin\u00faan a cargo de la Coordinaci\u00f3n General de Servicios Periciales en las diferentes materias\u201d, precisa la FGE.<\/p>\n\n\n\n<p>Tambi\u00e9n refiere que se sigue perfeccionando la carpeta de investigaci\u00f3n iniciada, para que, \u201ccontando con todos los elementos se judicializar\u00e1 en contra de quien o quienes resulten responsables\u201d.<\/p>\n\n\n\n<p>Los avances sobre el tema, fueron dados a conocer en la sesi\u00f3n que la Mesa para la Construcci\u00f3n de la Paz realiz\u00f3 este 6 de octubre, pero los detalles no se manejaron p\u00fablicamente.<\/p>\n","protected":false},"excerpt":{"rendered":"<p>&#8211; La dependencia informa que ya se perfecciona la investigaci\u00f3n sobre el accidente en que murieron dos personas&#8211; Llegado el momento se judicializar\u00e1 a quien manejaba el autob\u00fas ocupado por&hellip; <\/p>\n","protected":false},"author":1,"featured_media":36964,"comment_status":"open","ping_status":"open","sticky":false,"template":"","format":"standard","meta":{"fifu_image_url":"","fifu_image_alt":"","footnotes":""},"categories":[27],"tags":[],"class_list":["post-36963","post","type-post","status-publish","format-standard","has-post-thumbnail","hentry","category-seguridad-publica"],"_links":{"self":[{"href":"https:\/\/www.interaccionnoticias.com.mx\/index.php?rest_route=\/wp\/v2\/posts\/36963","targetHints":{"allow":["GET"]}}],"collection":[{"href":"https:\/\/www.interaccionnoticias.com.mx\/index.php?rest_route=\/wp\/v2\/posts"}],"about":[{"href":"https:\/\/www.interaccionnoticias.com.mx\/index.php?rest_route=\/wp\/v2\/types\/post"}],"author":[{"embeddable":true,"href":"https:\/\/www.interaccionnoticias.com.mx\/index.php?rest_route=\/wp\/v2\/users\/1"}],"replies":[{"embeddable":true,"href":"https:\/\/www.interaccionnoticias.com.mx\/index.php?rest_route=%2Fwp%2Fv2%2Fcomments&post=36963"}],"version-history":[{"count":0,"href":"https:\/\/www.interaccionnoticias.com.mx\/index.php?rest_route=\/wp\/v2\/posts\/36963\/revisions"}],"wp:featuredmedia":[{"embeddable":true,"href":"https:\/\/www.interaccionnoticias.com.mx\/index.php?rest_route=\/wp\/v2\/media\/36964"}],"wp:attachment":[{"href":"https:\/\/www.interaccionnoticias.com.mx\/index.php?rest_route=%2Fwp%2Fv2%2Fmedia&parent=36963"}],"wp:term":[{"taxonomy":"category","embeddable":true,"href":"https:\/\/www.interaccionnoticias.com.mx\/index.php?rest_route=%2Fwp%2Fv2%2Fcategories&post=36963"},{"taxonomy":"post_tag","embeddable":true,"href":"https:\/\/www.interaccionnoticias.com.mx\/index.php?rest_route=%2Fwp%2Fv2%2Ftags&post=36963"}],"curies":[{"name":"wp","href":"https:\/\/api.w.org\/{rel}","templated":true}]}}