{"id":36952,"date":"2021-10-06T17:25:47","date_gmt":"2021-10-06T22:25:47","guid":{"rendered":"http:\/\/www.inter-accion.com.mx\/?p=36952"},"modified":"2021-10-06T17:25:47","modified_gmt":"2021-10-06T22:25:47","slug":"36952","status":"publish","type":"post","link":"https:\/\/www.interaccionnoticias.com.mx\/?p=36952","title":{"rendered":"Avanzan Evelyn Salgado y H\u00e9ctor Astudillo con reuni\u00f3n n\u00famero 12 el proceso de entrega-recepci\u00f3n"},"content":{"rendered":"\n<p><strong><em>Participan diputados que integran la Junta de Coordinaci\u00f3n Pol\u00edtica en el Congreso de Guerrero<\/em><\/strong><\/p>\n\n\n\n<p><strong>Chilpancingo, Gro., 06 de octubre de 2021.- <\/strong>La gobernadora electa Evelyn Salgado Pineda sostuvo la reuni\u00f3n n\u00famero 12 con el gobernador H\u00e9ctor Astudillo Flores, avanzando en el proceso de entrega-recepci\u00f3n de la administraci\u00f3n estatal, encuentro en el que tambi\u00e9n participaron diputados que integran la Junta de Coordinaci\u00f3n Pol\u00edtica (JUCOPO) en el Congreso de Guerrero.<\/p>\n\n\n\n<p>Este mi\u00e9rcoles, Salgado Pineda dio a conocer detalles de la reuni\u00f3n ejecutiva a trav\u00e9s de sus redes sociales, destacando la presencia de los legisladores guerrerenses.<\/p>\n\n\n\n<p>\u201cEn la reuni\u00f3n n\u00famero 12 con el gobernador H\u00e9ctor Astudillo Flores contamos con la presencia de diputados integrantes de la JUCOPO, con quienes tratamos temas de suma importancia para el estado\u201d, comparti\u00f3 en su publicaci\u00f3n.<\/p>\n\n\n\n<p>Salgado Pineda indic\u00f3 que con responsabilidad y alto compromiso ha continuado el proceso colaborativo de transici\u00f3n gubernamental.<\/p>\n\n\n\n<p>\u201cContinuamos el proceso colaborativo dentro de la entrega-recepci\u00f3n de la administraci\u00f3n estatal. Con responsabilidad y alto compromiso estamos avanzando en el camino de la transformaci\u00f3n. \u00a1En Guerrero la esperanza est\u00e1 presente!\u201d, finaliz\u00f3.<\/p>\n\n\n\n<p>Asistieron la diputada Ana Lenis Res\u00e9ndiz Javier y los diputados Alfredo S\u00e1nchez Esquivel, H\u00e9ctor Apreza Patr\u00f3n, Raymundo Garc\u00eda Guti\u00e9rrez y Manuel Qui\u00f1onez Cort\u00e9s, integrantes de la JUCOPO.<\/p>\n\n\n\n<p>A d\u00edas de tomar protesta como la primera mujer que gobernar\u00e1 Guerrero, Evelyn Salgado Pineda, ha reiterado su compromiso de servir y no fallar a la confianza del pueblo.<\/p>\n","protected":false},"excerpt":{"rendered":"<p>Participan diputados que integran la Junta de Coordinaci\u00f3n Pol\u00edtica en el Congreso de Guerrero Chilpancingo, Gro., 06 de octubre de 2021.- La gobernadora electa Evelyn Salgado Pineda sostuvo la reuni\u00f3n&hellip; <\/p>\n","protected":false},"author":1,"featured_media":36954,"comment_status":"open","ping_status":"open","sticky":false,"template":"","format":"standard","meta":{"fifu_image_url":"","fifu_image_alt":"","footnotes":""},"categories":[11],"tags":[],"class_list":["post-36952","post","type-post","status-publish","format-standard","has-post-thumbnail","hentry","category-guerrero"],"_links":{"self":[{"href":"https:\/\/www.interaccionnoticias.com.mx\/index.php?rest_route=\/wp\/v2\/posts\/36952","targetHints":{"allow":["GET"]}}],"collection":[{"href":"https:\/\/www.interaccionnoticias.com.mx\/index.php?rest_route=\/wp\/v2\/posts"}],"about":[{"href":"https:\/\/www.interaccionnoticias.com.mx\/index.php?rest_route=\/wp\/v2\/types\/post"}],"author":[{"embeddable":true,"href":"https:\/\/www.interaccionnoticias.com.mx\/index.php?rest_route=\/wp\/v2\/users\/1"}],"replies":[{"embeddable":true,"href":"https:\/\/www.interaccionnoticias.com.mx\/index.php?rest_route=%2Fwp%2Fv2%2Fcomments&post=36952"}],"version-history":[{"count":0,"href":"https:\/\/www.interaccionnoticias.com.mx\/index.php?rest_route=\/wp\/v2\/posts\/36952\/revisions"}],"wp:featuredmedia":[{"embeddable":true,"href":"https:\/\/www.interaccionnoticias.com.mx\/index.php?rest_route=\/wp\/v2\/media\/36954"}],"wp:attachment":[{"href":"https:\/\/www.interaccionnoticias.com.mx\/index.php?rest_route=%2Fwp%2Fv2%2Fmedia&parent=36952"}],"wp:term":[{"taxonomy":"category","embeddable":true,"href":"https:\/\/www.interaccionnoticias.com.mx\/index.php?rest_route=%2Fwp%2Fv2%2Fcategories&post=36952"},{"taxonomy":"post_tag","embeddable":true,"href":"https:\/\/www.interaccionnoticias.com.mx\/index.php?rest_route=%2Fwp%2Fv2%2Ftags&post=36952"}],"curies":[{"name":"wp","href":"https:\/\/api.w.org\/{rel}","templated":true}]}}