{"id":36932,"date":"2021-10-06T13:27:29","date_gmt":"2021-10-06T18:27:29","guid":{"rendered":"http:\/\/www.inter-accion.com.mx\/?p=36932"},"modified":"2021-10-06T13:27:29","modified_gmt":"2021-10-06T18:27:29","slug":"36932","status":"publish","type":"post","link":"https:\/\/www.interaccionnoticias.com.mx\/?p=36932","title":{"rendered":"Direcci\u00f3n Colectiva de Organizaciones Sociales, Civiles reorganizara su movimiento"},"content":{"rendered":"\n<p><strong><em>&#8211; Ser\u00e1n Observadores del los nuevos gobiernos<\/em><\/strong><\/p>\n\n\n\n<p><strong>Jes\u00fas Dorantes<\/strong><\/p>\n\n\n\n<p><strong>Chilpancingo, Gro.- <\/strong>La Direcci\u00f3n Colectiva de Organizaciones Sociales, Civiles, Estudiantiles y Sindicatos plantearon un restructuraci\u00f3n de su movimiento social y advirtieron que ser\u00e1n vigilantes de los nuevos gobiernos, tanto municipales como del estado.<\/p>\n\n\n\n<p>En rueda de prensa, la Alameda Central Granados Maldonado, el dirigente Nicolas Ch\u00e1vez Adame record\u00f3 que administraciones municipales como la de Antonio Gaspar Beltr\u00e1n dejaron adeudos y una clara muestra de la falta de apoyo e inter\u00e9s por la clase trabajadora.<\/p>\n\n\n\n<p>Por lo que realiz\u00f3 un llamado a sus compa\u00f1eros de lucha para no desistir y reestructurar la ruta en la que la Direcci\u00f3n Colectiva continuar\u00e1 en exigencia de las demandas, de respeto a los derechos laborales y la negativa a la muestra de hostentosos eventos de las administraciones entrantes, como lo fue la reciente toma de protesta en la capital del estado.<\/p>\n\n\n\n<p>Por lo que estar\u00e1n a la expectativa de la toma de protesta de 10 Secretarias y 10 Secretarios de la administraci\u00f3n de Evelyn Salgado Pineda y que dichos funcionarios no provengan de partidos como el PRD, PRI y otros grupos pol\u00edticos que no han realizado labor en favor del pueblo de Guerrero y solo se han servido de el.<\/p>\n\n\n\n<p>Adem\u00e1s de anunciar que en pr\u00f3ximos d\u00edas los pueblos de la sierra como Amojileca, Coapango, el Fresno y Chautipan se movilizar\u00e1n en exigencia de un uospital y una universidad.<\/p>\n","protected":false},"excerpt":{"rendered":"<p>&#8211; Ser\u00e1n Observadores del los nuevos gobiernos Jes\u00fas Dorantes Chilpancingo, Gro.- La Direcci\u00f3n Colectiva de Organizaciones Sociales, Civiles, Estudiantiles y Sindicatos plantearon un restructuraci\u00f3n de su movimiento social y advirtieron&hellip; <\/p>\n","protected":false},"author":1,"featured_media":36933,"comment_status":"open","ping_status":"open","sticky":false,"template":"","format":"standard","meta":{"fifu_image_url":"","fifu_image_alt":"","footnotes":""},"categories":[15],"tags":[],"class_list":["post-36932","post","type-post","status-publish","format-standard","has-post-thumbnail","hentry","category-movimientos-sociales"],"_links":{"self":[{"href":"https:\/\/www.interaccionnoticias.com.mx\/index.php?rest_route=\/wp\/v2\/posts\/36932","targetHints":{"allow":["GET"]}}],"collection":[{"href":"https:\/\/www.interaccionnoticias.com.mx\/index.php?rest_route=\/wp\/v2\/posts"}],"about":[{"href":"https:\/\/www.interaccionnoticias.com.mx\/index.php?rest_route=\/wp\/v2\/types\/post"}],"author":[{"embeddable":true,"href":"https:\/\/www.interaccionnoticias.com.mx\/index.php?rest_route=\/wp\/v2\/users\/1"}],"replies":[{"embeddable":true,"href":"https:\/\/www.interaccionnoticias.com.mx\/index.php?rest_route=%2Fwp%2Fv2%2Fcomments&post=36932"}],"version-history":[{"count":0,"href":"https:\/\/www.interaccionnoticias.com.mx\/index.php?rest_route=\/wp\/v2\/posts\/36932\/revisions"}],"wp:featuredmedia":[{"embeddable":true,"href":"https:\/\/www.interaccionnoticias.com.mx\/index.php?rest_route=\/wp\/v2\/media\/36933"}],"wp:attachment":[{"href":"https:\/\/www.interaccionnoticias.com.mx\/index.php?rest_route=%2Fwp%2Fv2%2Fmedia&parent=36932"}],"wp:term":[{"taxonomy":"category","embeddable":true,"href":"https:\/\/www.interaccionnoticias.com.mx\/index.php?rest_route=%2Fwp%2Fv2%2Fcategories&post=36932"},{"taxonomy":"post_tag","embeddable":true,"href":"https:\/\/www.interaccionnoticias.com.mx\/index.php?rest_route=%2Fwp%2Fv2%2Ftags&post=36932"}],"curies":[{"name":"wp","href":"https:\/\/api.w.org\/{rel}","templated":true}]}}