{"id":36928,"date":"2021-10-06T13:21:54","date_gmt":"2021-10-06T18:21:54","guid":{"rendered":"http:\/\/www.inter-accion.com.mx\/?p=36928"},"modified":"2021-10-06T13:21:54","modified_gmt":"2021-10-06T18:21:54","slug":"36928","status":"publish","type":"post","link":"https:\/\/www.interaccionnoticias.com.mx\/?p=36928","title":{"rendered":"Trabajadores del DIF Guerrero se declaran en paro indefinido"},"content":{"rendered":"\n<p><strong>Rosario Garc\u00eda Orozco<\/strong><\/p>\n\n\n\n<p>C<strong>hilpancingo, Gro., 6 de octubre del 2021.- <\/strong>Trabajadores del DIF Guerrero pertenecientes al sindicato independiente, se declararon en paro indefinido y se sumaron a las protestas en demanda de pago de prestaciones del resto de sindicatos, quienes exigen el pago del bono del d\u00eda del bor\u00f3crata, el retroactivo del incremento salarial y el bono sexenal.<\/p>\n\n\n\n<p>Debido a esas movilizaciones, tambi\u00e9n est\u00e1n tomados los edificios del palacio de gobierno, el Juan N. \u00c1lvarez y el Vicente Guerrero.<\/p>\n\n\n\n<p>Los bur\u00f3cratas del DIF Guerrero anunciaron que las \u00fanicas \u00e1reas donde no suspender\u00e1n actividades es en la Casa del Anciano y la Casa Hogar, debido a que se tratan de espacios de asistencia social.<\/p>\n\n\n\n<p>En esos lugares \u00fanicamente se instalar\u00e1n protestas al exterior de las instalaciones, sin afectar la actividad de las personas que requieren de esos servicios.<\/p>\n\n\n\n<p>Los inconformes mencionaron que no piden nada extraordinario, solo el pago de las prestaciones que est\u00e1n establecidas y que legalmente les corresponden, pero que a 20 d\u00edas de que concluya la actual administraci\u00f3n no les han otorgado.<\/p>\n","protected":false},"excerpt":{"rendered":"<p>Rosario Garc\u00eda Orozco Chilpancingo, Gro., 6 de octubre del 2021.- Trabajadores del DIF Guerrero pertenecientes al sindicato independiente, se declararon en paro indefinido y se sumaron a las protestas en&hellip; <\/p>\n","protected":false},"author":1,"featured_media":36918,"comment_status":"open","ping_status":"open","sticky":false,"template":"","format":"standard","meta":{"fifu_image_url":"","fifu_image_alt":"","footnotes":""},"categories":[11],"tags":[],"class_list":["post-36928","post","type-post","status-publish","format-standard","has-post-thumbnail","hentry","category-guerrero"],"_links":{"self":[{"href":"https:\/\/www.interaccionnoticias.com.mx\/index.php?rest_route=\/wp\/v2\/posts\/36928","targetHints":{"allow":["GET"]}}],"collection":[{"href":"https:\/\/www.interaccionnoticias.com.mx\/index.php?rest_route=\/wp\/v2\/posts"}],"about":[{"href":"https:\/\/www.interaccionnoticias.com.mx\/index.php?rest_route=\/wp\/v2\/types\/post"}],"author":[{"embeddable":true,"href":"https:\/\/www.interaccionnoticias.com.mx\/index.php?rest_route=\/wp\/v2\/users\/1"}],"replies":[{"embeddable":true,"href":"https:\/\/www.interaccionnoticias.com.mx\/index.php?rest_route=%2Fwp%2Fv2%2Fcomments&post=36928"}],"version-history":[{"count":0,"href":"https:\/\/www.interaccionnoticias.com.mx\/index.php?rest_route=\/wp\/v2\/posts\/36928\/revisions"}],"wp:featuredmedia":[{"embeddable":true,"href":"https:\/\/www.interaccionnoticias.com.mx\/index.php?rest_route=\/wp\/v2\/media\/36918"}],"wp:attachment":[{"href":"https:\/\/www.interaccionnoticias.com.mx\/index.php?rest_route=%2Fwp%2Fv2%2Fmedia&parent=36928"}],"wp:term":[{"taxonomy":"category","embeddable":true,"href":"https:\/\/www.interaccionnoticias.com.mx\/index.php?rest_route=%2Fwp%2Fv2%2Fcategories&post=36928"},{"taxonomy":"post_tag","embeddable":true,"href":"https:\/\/www.interaccionnoticias.com.mx\/index.php?rest_route=%2Fwp%2Fv2%2Ftags&post=36928"}],"curies":[{"name":"wp","href":"https:\/\/api.w.org\/{rel}","templated":true}]}}