{"id":36917,"date":"2021-10-06T13:14:43","date_gmt":"2021-10-06T18:14:43","guid":{"rendered":"http:\/\/www.inter-accion.com.mx\/?p=36917"},"modified":"2021-10-06T13:14:43","modified_gmt":"2021-10-06T18:14:43","slug":"36917","status":"publish","type":"post","link":"https:\/\/www.interaccionnoticias.com.mx\/?p=36917","title":{"rendered":"Trabajadores de Protecci\u00f3n Civil del Estado, marchan y exigen prestaciones de ley"},"content":{"rendered":"\n<p><strong>Rosario Garc\u00eda Orozco<\/strong><\/p>\n\n\n\n<p><strong>Chilpancingo, Gro., 6 de octubre del 2021.-<\/strong> Personal de la Secretar\u00eda de Protecci\u00f3n Civil del gobierno estatal marcharon por las principales calles y avenidas de Chilpancingo, para exigir el pago de vi\u00e1ticos, seguro de vida, uniformes, aumento al salario, prestaciones, bono sexenal, bono de riesgo y renovaci\u00f3n del parque vehicular entre otras demandas.<\/p>\n\n\n\n<p>La marcha la iniciaron desde sus instalaciones en el encauzamiento Huacapa y continuaron hasta llegar al Congreso Local, donde pidieron a los diputados su intervenci\u00f3n para que por lo menos se les paguen los vi\u00e1ticos.<\/p>\n\n\n\n<p>De ah\u00ed avanzaron sobre la avenida L\u00e1zaro C\u00e1rdenas y al pasar por la oficina de gesti\u00f3n del senador F\u00e9lix Salgado Macedonio gritaron consignas pidiendo el apoyo de gesti\u00f3n ante las autoridades estatales y federales para que se de respuesta a sus demandas.<\/p>\n\n\n\n<p>Aseguraron que la movilizaci\u00f3n se lleva a cabo en todo el estado de manera simult\u00e1nea y que participan alrededor de 300 trabajadores, que son los afectados por la falta de pagos.<\/p>\n\n\n\n<p>Continuaron su marcha sobre Juan N Alvarez, Guerrero, Ju\u00e1rez, Ignacio Ram\u00edrez, Alem\u00e1n y regresaron a sus instalaciones.<\/p>\n","protected":false},"excerpt":{"rendered":"<p>Rosario Garc\u00eda Orozco Chilpancingo, Gro., 6 de octubre del 2021.- Personal de la Secretar\u00eda de Protecci\u00f3n Civil del gobierno estatal marcharon por las principales calles y avenidas de Chilpancingo, para&hellip; <\/p>\n","protected":false},"author":1,"featured_media":36920,"comment_status":"open","ping_status":"open","sticky":false,"template":"","format":"standard","meta":{"fifu_image_url":"","fifu_image_alt":"","footnotes":""},"categories":[15],"tags":[],"class_list":["post-36917","post","type-post","status-publish","format-standard","has-post-thumbnail","hentry","category-movimientos-sociales"],"_links":{"self":[{"href":"https:\/\/www.interaccionnoticias.com.mx\/index.php?rest_route=\/wp\/v2\/posts\/36917","targetHints":{"allow":["GET"]}}],"collection":[{"href":"https:\/\/www.interaccionnoticias.com.mx\/index.php?rest_route=\/wp\/v2\/posts"}],"about":[{"href":"https:\/\/www.interaccionnoticias.com.mx\/index.php?rest_route=\/wp\/v2\/types\/post"}],"author":[{"embeddable":true,"href":"https:\/\/www.interaccionnoticias.com.mx\/index.php?rest_route=\/wp\/v2\/users\/1"}],"replies":[{"embeddable":true,"href":"https:\/\/www.interaccionnoticias.com.mx\/index.php?rest_route=%2Fwp%2Fv2%2Fcomments&post=36917"}],"version-history":[{"count":0,"href":"https:\/\/www.interaccionnoticias.com.mx\/index.php?rest_route=\/wp\/v2\/posts\/36917\/revisions"}],"wp:featuredmedia":[{"embeddable":true,"href":"https:\/\/www.interaccionnoticias.com.mx\/index.php?rest_route=\/wp\/v2\/media\/36920"}],"wp:attachment":[{"href":"https:\/\/www.interaccionnoticias.com.mx\/index.php?rest_route=%2Fwp%2Fv2%2Fmedia&parent=36917"}],"wp:term":[{"taxonomy":"category","embeddable":true,"href":"https:\/\/www.interaccionnoticias.com.mx\/index.php?rest_route=%2Fwp%2Fv2%2Fcategories&post=36917"},{"taxonomy":"post_tag","embeddable":true,"href":"https:\/\/www.interaccionnoticias.com.mx\/index.php?rest_route=%2Fwp%2Fv2%2Ftags&post=36917"}],"curies":[{"name":"wp","href":"https:\/\/api.w.org\/{rel}","templated":true}]}}