{"id":36902,"date":"2021-10-03T18:26:55","date_gmt":"2021-10-03T23:26:55","guid":{"rendered":"http:\/\/www.inter-accion.com.mx\/?p=36902"},"modified":"2021-10-03T18:26:55","modified_gmt":"2021-10-03T23:26:55","slug":"36902","status":"publish","type":"post","link":"https:\/\/www.interaccionnoticias.com.mx\/?p=36902","title":{"rendered":"\u201cSe ocult\u00f3 informaci\u00f3n del paradero de nuestros hijos\u201d, reprochan padres de los 43"},"content":{"rendered":"\n<p><strong><em>&#8211; Tras la publicaci\u00f3n de informaci\u00f3n delicada sobre el caso<\/em><\/strong><\/p>\n\n\n\n<p><strong>Rogelio Agust\u00edn<\/strong><\/p>\n\n\n\n<p>Los integrantes del colectivo \u201cNos Faltan 43\u201d manifestaron su inconformidad por la forma en que las autoridades encargadas de la investigaci\u00f3n sobre el caso se mantienen en la ruta de ocultar informaci\u00f3n delicada, la que al final de cuentas se difunde a trav\u00e9s de filtraciones.<\/p>\n\n\n\n<p>V\u00eda comunicado, el colectivo de referencia manifest\u00f3 este domingo su posici\u00f3n respecto a la informaci\u00f3n difundida el s\u00e1bado 2 de octubre.<\/p>\n\n\n\n<p>\u201cLa Secretar\u00eda de Gobernaci\u00f3n hizo p\u00fablica las conversaciones interceptadas el 26 de septiembre y octubre de 2014, entre el director de seguridad p\u00fablica municipal, Francisco Salgado Valladares y Gildardo L\u00f3pez Astudillo alias \u201cel Gil\u201d, as\u00ed como entre un polic\u00eda de Huitzuco y Alejandro Palacios alias \u201cCholo Palacios\u201d, respectivamente, en las que se da cuenta que nuestros hijos habr\u00edan sido entregados por la polic\u00eda municipal de Iguala a miembros del grupo delictivo Guerrero Unidos quienes (supuestamente) los privaron de la vida\u201d.<\/p>\n\n\n\n<p>El comunicado plantea: \u201cLas madres y padres de familia nos preocupa la publicaci\u00f3n de informaci\u00f3n sensible de la investigaci\u00f3n que puede comprometer su \u00e9xito, aunado a que los familiares ni los representantes se les permiti\u00f3 el acceder a la misma previo a su publicaci\u00f3n, y tampoco a las cinco madres y padres que conforman la Comisi\u00f3n para la Verdad y el Acceso a la Justicia (CoVAJ) se les consult\u00f3 sobre tal proceder\u201d.<\/p>\n\n\n\n<p>Reprochan que evidentemente, el ej\u00e9rcito ten\u00eda informaci\u00f3n en tiempo real de lo que estaba aconteciendo la noche del 26 de septiembre de 2014 \u201cy no lo inform\u00f3 a las autoridades ni tom\u00f3 medidas para prevenir la desaparici\u00f3n de los j\u00f3venes\u201d.<\/p>\n\n\n\n<p>Reprochan tambi\u00e9n que, \u201cdesde el a\u00f1o 2018 a la luz de las obligaciones que ten\u00eda por el decreto presidencial que cre\u00f3 la Comisi\u00f3n para la Verdad y el Acceso a la justicia omiti\u00f3 dar esta informaci\u00f3n a las autoridades que investigan el caso\u201d.<\/p>\n\n\n\n<p>La publicaci\u00f3n de informaci\u00f3n filtrada, refieren que fortalece la demanda de abrir una investigaci\u00f3n exhaustiva contra elementos del ej\u00e9rcito mexicano, para deslindar su responsabilidad directa o indirecta en la desaparici\u00f3n de los normalistas rurales.<\/p>\n\n\n\n<p>Y plantean: \u201cEl Estado mexicano tiene la obligaci\u00f3n de esclarecer plenamente los hechos y ofrecernos verdad y justicia, seguiremos entregando retazos de informaci\u00f3n solo nos lastima y revictimiza\u201d.<\/p>\n","protected":false},"excerpt":{"rendered":"<p>&#8211; Tras la publicaci\u00f3n de informaci\u00f3n delicada sobre el caso Rogelio Agust\u00edn Los integrantes del colectivo \u201cNos Faltan 43\u201d manifestaron su inconformidad por la forma en que las autoridades encargadas&hellip; <\/p>\n","protected":false},"author":1,"featured_media":36903,"comment_status":"open","ping_status":"open","sticky":false,"template":"","format":"standard","meta":{"fifu_image_url":"","fifu_image_alt":"","footnotes":""},"categories":[15],"tags":[33,153],"class_list":["post-36902","post","type-post","status-publish","format-standard","has-post-thumbnail","hentry","category-movimientos-sociales","tag-43deayotzinapa","tag-nos-faltan-43"],"_links":{"self":[{"href":"https:\/\/www.interaccionnoticias.com.mx\/index.php?rest_route=\/wp\/v2\/posts\/36902","targetHints":{"allow":["GET"]}}],"collection":[{"href":"https:\/\/www.interaccionnoticias.com.mx\/index.php?rest_route=\/wp\/v2\/posts"}],"about":[{"href":"https:\/\/www.interaccionnoticias.com.mx\/index.php?rest_route=\/wp\/v2\/types\/post"}],"author":[{"embeddable":true,"href":"https:\/\/www.interaccionnoticias.com.mx\/index.php?rest_route=\/wp\/v2\/users\/1"}],"replies":[{"embeddable":true,"href":"https:\/\/www.interaccionnoticias.com.mx\/index.php?rest_route=%2Fwp%2Fv2%2Fcomments&post=36902"}],"version-history":[{"count":0,"href":"https:\/\/www.interaccionnoticias.com.mx\/index.php?rest_route=\/wp\/v2\/posts\/36902\/revisions"}],"wp:featuredmedia":[{"embeddable":true,"href":"https:\/\/www.interaccionnoticias.com.mx\/index.php?rest_route=\/wp\/v2\/media\/36903"}],"wp:attachment":[{"href":"https:\/\/www.interaccionnoticias.com.mx\/index.php?rest_route=%2Fwp%2Fv2%2Fmedia&parent=36902"}],"wp:term":[{"taxonomy":"category","embeddable":true,"href":"https:\/\/www.interaccionnoticias.com.mx\/index.php?rest_route=%2Fwp%2Fv2%2Fcategories&post=36902"},{"taxonomy":"post_tag","embeddable":true,"href":"https:\/\/www.interaccionnoticias.com.mx\/index.php?rest_route=%2Fwp%2Fv2%2Ftags&post=36902"}],"curies":[{"name":"wp","href":"https:\/\/api.w.org\/{rel}","templated":true}]}}