{"id":36834,"date":"2021-09-21T20:27:28","date_gmt":"2021-09-22T01:27:28","guid":{"rendered":"http:\/\/www.inter-accion.com.mx\/?p=36834"},"modified":"2021-09-21T20:27:28","modified_gmt":"2021-09-22T01:27:28","slug":"36834","status":"publish","type":"post","link":"https:\/\/www.interaccionnoticias.com.mx\/?p=36834","title":{"rendered":"Barranca de \u2018La Carnicer\u00eda\u2019, la esperanza para saber que pas\u00f3 con los 43"},"content":{"rendered":"\n<p><strong><em>&#8211; Alejandro Encinas y Omar Trejo niegan la construcci\u00f3n de una nueva \u00abverdad hist\u00f3rica\u00bb<\/em><\/strong><\/p>\n\n\n\n<p><strong>Dassaev T\u00e9llez Adame<\/strong><\/p>\n\n\n\n<p>Coc\u00fala, 21 de septiembre. &#8211; A solo 5 d\u00edas de que se cumplan 7 a\u00f1os de la desaparici\u00f3n de 43 estudiantes de la Escuela Normal Rural \u2018Ra\u00fal Isidro Burgos\u2019 de Ayotzinapa, el fiscal especial para el caso en la Fiscal\u00eda General de la Rep\u00fablica (FGR), Omar G\u00f3mez Trejo y el Subsecretario de Derechos Humanos, Alejandro Encinas encabezaron la visita a la barranca de &#8216;La Carnicer\u00eda&#8217;, a escasos ochocientos metros del basurero de Cocula, lugar donde fueran encontrados restos de los normalistas Christian Alfonso Rodr\u00edguez Telumbre y Jhosivani Guerrero de la Cruz, as\u00ed como otras 180 piezas \u00f3seas m\u00e1s.<\/p>\n\n\n\n<p>Esto es para indicar que con esta visita no se quiere revivir la denominada &#8216;verdad hist\u00f3rica&#8217;, sino que las investigaciones en este lugar, donde han revisado al menos 8 mil metros cuadrados se contin\u00faan realizando, porque es un punto que ha sido clave en las investigaciones realizadas de noviembre del 2019 a la fecha.<\/p>\n\n\n\n<p>Puntualizaron que han descubierto que diversas autoridades incurrieron en hechos il\u00edcitos en las investigaciones, negando el acceso a la investigaci\u00f3n y verdad de las familias.<\/p>\n\n\n\n<p>Los funcionarios se\u00f1alaron que ya se tienen declaraciones que en su momento no fueron llevadas a la justicia, vulnerando los derechos de las v\u00edctimas.<\/p>\n\n\n\n<p>\u00abLa barranca de la Carnicer\u00eda, representa para nosotros la esperanza de seguir en la b\u00fasqueda de los estudiantes\u2026la b\u00fasqueda inicio cuando el Subsecretario Encinas lleg\u00f3 a Gobernaci\u00f3n, pero en el momento que yo llego a la fiscal\u00eda, ah\u00ed reactivamos la b\u00fasqueda, porque la b\u00fasqueda no se hac\u00eda\u00bb, se\u00f1al\u00f3 Omar G\u00f3mez.<\/p>\n\n\n\n<p>Indicaron que est\u00e9 lugar es importante para reivindicar la verdad del caso, ya que en este lugar se han encontrado restos de dos de los 43 normalistas desaparecidos en Iguala; adem\u00e1s de que se encontraron por lo menos otros 200 restos humanos y muchos de ellos, siendo que la mayor\u00eda de estos solo estuvieron expuestos a la intemperie y no al fuego, por lo que se descart\u00f3 que hubieran sido calcinados.<\/p>\n\n\n\n<p>Tambi\u00e9n aclaro que \u201cesta no es una construcci\u00f3n de una nueva verdad hist\u00f3rica, estamos siguiendo una l\u00ednea de investigaci\u00f3n para garantizar la verdad\u201d; aclarando que continuar\u00e1n realizando investigaciones en los lugares donde se haya descubierto que hubo fuego controlado; ya que podr\u00edan abrir una nueva l\u00ednea de investigaci\u00f3n.<\/p>\n\n\n\n<p>\u00abLlevamos dos a\u00f1os investigando y el hecho de encontrar un lugar diferente de lo que supuestamente se hab\u00eda encontrado en Coc\u00fala y en el r\u00edo San Juan, nos abre una gran l\u00ednea de investigaci\u00f3n completamente diferente\u00bb, dijo.<\/p>\n\n\n\n<p>Incluso aseguro que, a diferencia de la administraci\u00f3n pasada encabezada por Enrique Pe\u00f1a Nieto, la investigaci\u00f3n del caso Ayotzinapa ha tenido avances relevantes con testimonios, peritajes y documentos obtenidos de manera l\u00edcita.<\/p>\n\n\n\n<p>Por eso dijo que esta barranca es un lugar \u201creivindicativo\u201d a la llamada \u201cverdad hist\u00f3rica\u201d.<\/p>\n\n\n\n<p>\u00abNosotros tenemos ya acusaciones que est\u00e1n siendo ventiladas ante los propios jueces (\u2026) La barraca de la carnicer\u00eda para nosotros representa una esperanza de seguir trabajando en la b\u00fasqueda de los estudiantes\u00bb, expres\u00f3.<\/p>\n\n\n\n<p>Antes de finalizar, preciso que a casi 7 a\u00f1os de la desaparici\u00f3n de los estudiantes, los lugares donde se pudo haber realizado un fuego controlado, de acuerdo a las investigaciones, no pueden arrojar muchos indicios, pero esta l\u00ednea de investigaci\u00f3n se mantendr\u00e1 abierta.<\/p>\n\n\n\n<p>Por otro lado, el Subsecretario Alejandro Encinas, indic\u00f3 que existen muchas l\u00edneas investigaci\u00f3n, debido a que hay m\u00e1s de 20 testigos participando, entre ellos propios victimarios privados de su libertad o que est\u00e1n en libertad por decisi\u00f3n de un juez.<\/p>\n","protected":false},"excerpt":{"rendered":"<p>&#8211; Alejandro Encinas y Omar Trejo niegan la construcci\u00f3n de una nueva \u00abverdad hist\u00f3rica\u00bb Dassaev T\u00e9llez Adame Coc\u00fala, 21 de septiembre. &#8211; A solo 5 d\u00edas de que se cumplan&hellip; <\/p>\n","protected":false},"author":1,"featured_media":36835,"comment_status":"open","ping_status":"open","sticky":false,"template":"","format":"standard","meta":{"fifu_image_url":"","fifu_image_alt":"","footnotes":""},"categories":[15],"tags":[],"class_list":["post-36834","post","type-post","status-publish","format-standard","has-post-thumbnail","hentry","category-movimientos-sociales"],"_links":{"self":[{"href":"https:\/\/www.interaccionnoticias.com.mx\/index.php?rest_route=\/wp\/v2\/posts\/36834","targetHints":{"allow":["GET"]}}],"collection":[{"href":"https:\/\/www.interaccionnoticias.com.mx\/index.php?rest_route=\/wp\/v2\/posts"}],"about":[{"href":"https:\/\/www.interaccionnoticias.com.mx\/index.php?rest_route=\/wp\/v2\/types\/post"}],"author":[{"embeddable":true,"href":"https:\/\/www.interaccionnoticias.com.mx\/index.php?rest_route=\/wp\/v2\/users\/1"}],"replies":[{"embeddable":true,"href":"https:\/\/www.interaccionnoticias.com.mx\/index.php?rest_route=%2Fwp%2Fv2%2Fcomments&post=36834"}],"version-history":[{"count":0,"href":"https:\/\/www.interaccionnoticias.com.mx\/index.php?rest_route=\/wp\/v2\/posts\/36834\/revisions"}],"wp:featuredmedia":[{"embeddable":true,"href":"https:\/\/www.interaccionnoticias.com.mx\/index.php?rest_route=\/wp\/v2\/media\/36835"}],"wp:attachment":[{"href":"https:\/\/www.interaccionnoticias.com.mx\/index.php?rest_route=%2Fwp%2Fv2%2Fmedia&parent=36834"}],"wp:term":[{"taxonomy":"category","embeddable":true,"href":"https:\/\/www.interaccionnoticias.com.mx\/index.php?rest_route=%2Fwp%2Fv2%2Fcategories&post=36834"},{"taxonomy":"post_tag","embeddable":true,"href":"https:\/\/www.interaccionnoticias.com.mx\/index.php?rest_route=%2Fwp%2Fv2%2Ftags&post=36834"}],"curies":[{"name":"wp","href":"https:\/\/api.w.org\/{rel}","templated":true}]}}