{"id":36826,"date":"2021-09-21T20:12:25","date_gmt":"2021-09-22T01:12:25","guid":{"rendered":"http:\/\/www.inter-accion.com.mx\/?p=36826"},"modified":"2021-09-21T20:12:25","modified_gmt":"2021-09-22T01:12:25","slug":"36826","status":"publish","type":"post","link":"https:\/\/www.interaccionnoticias.com.mx\/?p=36826","title":{"rendered":"S\u00edndica electa denuncia falta de perspectiva de g\u00e9nero en el desahogo de sus denuncias ante por violencia pol\u00edtica"},"content":{"rendered":"\n<p><em><strong>&#8211; A cinco meses de haber presentado su recurso, la FEDE no se ha judicializado su caso y en el IEPC se le desestim\u00f3, adem\u00e1s se le retiraron las medidas cautelares, denuncia Yazmin Arriaga Torres<\/strong><\/em><\/p>\n\n\n\n<p><strong>Vianey Ponce<\/strong><\/p>\n\n\n\n<p>La primer sindica electa de Chilpancingo, Yazmin Arriaga Torres denunci\u00f3 que el proceso de resoluci\u00f3n de las dos denuncias que interpuso ante la Fiscal\u00eda Especializada en Delitos Electorales (FEDE) y el Instituto Electoral y de Participaci\u00f3n Ciudadana (IEPC), por la presunta comisi\u00f3n de violencia pol\u00edtica en raz\u00f3n de g\u00e9nero, carecen del tratamiento correspondiente.<\/p>\n\n\n\n<p>En conferencia de prensa, Arriaga Torres inform\u00f3 el estado que guardan los procedimientos de las denuncias presentadas en contra del editor del semanario \u00bfNo que No? y del exalcalde de Chilpancingo, Marco Antonio Leyva Mena.<\/p>\n\n\n\n<p>La exdirectora del DIF en Chilpancingo, acusa al comunicador y al ex jefe de Cabildo por la difamaci\u00f3n, descalificaci\u00f3n y discriminaci\u00f3n, de las que afirma, fue objeto durante el proceso electoral pasado, en el que particip\u00f3 como candidata por Morena.<\/p>\n\n\n\n<p>De manera particular, sostuvo que en lo que respecta al recurso legal que promovi\u00f3 ante la FEDE, al comparecer el 9 de junio aport\u00f3 las pruebas necesarias para que la dependencia proceda con la judicializaci\u00f3n de su caso.<\/p>\n\n\n\n<p>En lo que respecta a la denuncia depositada en el IEPC, se\u00f1al\u00f3 que sus proyectos y resoluciones hasta este momento han carecido de perspectiva de g\u00e9nero y por el contrario, han vulnerado a\u00fan m\u00e1s su derechos.<\/p>\n\n\n\n<p>Lo anterior, debido a que el pasado 14 de junio la Comisi\u00f3n de Quejas y Denuncias del \u00f3rgano electoral determin\u00f3 declarar improcedente las medidas cautelares que solicit\u00f3, y el no retiro de las publicaciones en las que denunci\u00f3 que son un manifiesto de la agresi\u00f3n en su contra, pues la autoridad consider\u00f3 que en tales publicaciones en redes sociales no hubo un se\u00f1alamiento directo hacia su persona, ni existi\u00f3 la finalidad de menoscabar sus derechos pol\u00edtico-electorales por el solo hecho de ser mujer.<\/p>\n\n\n\n<p>Reproch\u00f3 que tambi\u00e9n el IEPC declarar\u00e1 improcedente las medidas de protecci\u00f3n que pidi\u00f3, luego de que se publicara por parte de los denunciados un contenido en el que se\u00f1alaban que hab\u00eda pagado de dos a tres millones de pesos por una candidatura a diputada local.<\/p>\n\n\n\n<p>La sindica electa refiri\u00f3 que esa decisi\u00f3n la dej\u00f3 desprotegida, pues esas afirmaciones publicadas la pusieron con un blanco para otros delitos.<\/p>\n\n\n\n<p>Yazmin Arriaga record\u00f3 que en 15 d\u00edas asumir\u00e1 su cargo en el ayuntamiento capitalino, sin embargo, pidi\u00f3 que no se relacione su reclamo de una resoluci\u00f3n con perspectiva de g\u00e9nero con la funci\u00f3n p\u00fablica que habr\u00e1 de asumir.<\/p>\n\n\n\n<p>Durante su posicionamiento estuvo acompa\u00f1ada de integrantes de asociaciones de defensa de los derechos y en contra de la violencia hacia la mujeres, as\u00ed como de sus abogados: Manuel Francisco Saavedra Flores y Eduardo Bello N\u00fa\u00f1ez.<\/p>\n\n\n\n<p><strong>Quiere notoriedad, dice Leyva Mena<\/strong><\/p>\n\n\n\n<p>Al respecto, el ex alcalde de Chilpancingo, Marco Antonio Leyva Mena se\u00f1al\u00f3 que las declaraciones de la sindica electa tienen una finalidad muy clara, atraer notoriedad.<\/p>\n\n\n\n<p>Advirti\u00f3 que no caer\u00e1 en una provocaci\u00f3n y manifest\u00f3 su respeto hacia las mujeres.<\/p>\n\n\n\n<p>El exalcalde p\u00fablico en su cuenta de Facebook: \u00abNo me meter\u00e9 en esas provocaciones que quieren notoriedad\u00bb.<\/p>\n\n\n\n<p>Agreg\u00f3 que en los pr\u00f3ximos d\u00edas har\u00e1 p\u00fablica la resoluci\u00f3n de la autoridad y aclar\u00f3 que antes no hab\u00eda querido hacer p\u00fablica su postura, pues la resoluci\u00f3n declar\u00f3 improcedentes las acusaciones en su contra, pero ahora considera importante dar a conocer el contenido de las resoluciones.<\/p>\n","protected":false},"excerpt":{"rendered":"<p>&#8211; A cinco meses de haber presentado su recurso, la FEDE no se ha judicializado su caso y en el IEPC se le desestim\u00f3, adem\u00e1s se le retiraron las medidas&hellip; <\/p>\n","protected":false},"author":1,"featured_media":36822,"comment_status":"open","ping_status":"open","sticky":false,"template":"","format":"standard","meta":{"fifu_image_url":"","fifu_image_alt":"","footnotes":""},"categories":[21],"tags":[],"class_list":["post-36826","post","type-post","status-publish","format-standard","has-post-thumbnail","hentry","category-politica"],"_links":{"self":[{"href":"https:\/\/www.interaccionnoticias.com.mx\/index.php?rest_route=\/wp\/v2\/posts\/36826","targetHints":{"allow":["GET"]}}],"collection":[{"href":"https:\/\/www.interaccionnoticias.com.mx\/index.php?rest_route=\/wp\/v2\/posts"}],"about":[{"href":"https:\/\/www.interaccionnoticias.com.mx\/index.php?rest_route=\/wp\/v2\/types\/post"}],"author":[{"embeddable":true,"href":"https:\/\/www.interaccionnoticias.com.mx\/index.php?rest_route=\/wp\/v2\/users\/1"}],"replies":[{"embeddable":true,"href":"https:\/\/www.interaccionnoticias.com.mx\/index.php?rest_route=%2Fwp%2Fv2%2Fcomments&post=36826"}],"version-history":[{"count":0,"href":"https:\/\/www.interaccionnoticias.com.mx\/index.php?rest_route=\/wp\/v2\/posts\/36826\/revisions"}],"wp:featuredmedia":[{"embeddable":true,"href":"https:\/\/www.interaccionnoticias.com.mx\/index.php?rest_route=\/wp\/v2\/media\/36822"}],"wp:attachment":[{"href":"https:\/\/www.interaccionnoticias.com.mx\/index.php?rest_route=%2Fwp%2Fv2%2Fmedia&parent=36826"}],"wp:term":[{"taxonomy":"category","embeddable":true,"href":"https:\/\/www.interaccionnoticias.com.mx\/index.php?rest_route=%2Fwp%2Fv2%2Fcategories&post=36826"},{"taxonomy":"post_tag","embeddable":true,"href":"https:\/\/www.interaccionnoticias.com.mx\/index.php?rest_route=%2Fwp%2Fv2%2Ftags&post=36826"}],"curies":[{"name":"wp","href":"https:\/\/api.w.org\/{rel}","templated":true}]}}