{"id":36820,"date":"2021-09-21T20:06:52","date_gmt":"2021-09-22T01:06:52","guid":{"rendered":"http:\/\/www.inter-accion.com.mx\/?p=36820"},"modified":"2021-09-21T20:06:52","modified_gmt":"2021-09-22T01:06:52","slug":"36820","status":"publish","type":"post","link":"https:\/\/www.interaccionnoticias.com.mx\/?p=36820","title":{"rendered":"El jueves habr\u00e1 m\u00e1s informaci\u00f3n respecto a la b\u00fasqueda de los 43, a casi siete a\u00f1os de la noche Iguala"},"content":{"rendered":"\n<p><em><strong>&#8211; Los padres agraviados se reunir\u00e1n con AMLO<\/strong><\/em><\/p>\n\n\n\n<p><strong>Rogelio Agust\u00edn<\/strong><\/p>\n\n\n\n<p>El pr\u00f3ximo jueves 24 de septiembre, los padres de los 43 recibir\u00e1n informaci\u00f3n respecto a las b\u00fasquedas que la Comisi\u00f3n Especial realiza en la zona minera de Carrizalillo en el municipio de Cocula, en un encuentro programado con el presidente de la Rep\u00fablica, Andr\u00e9s Manuel L\u00f3pez Obrador.<\/p>\n\n\n\n<p>Los integrantes del colectivo Nos Faltan 43 marcharon este martes 22 en Chilpancingo, acompa\u00f1ando a la comunidad escolar de Ayotzinapa y la Federaci\u00f3n de Estudiantes Campesinos Socialistas de M\u00e9xico (FECSM).<\/p>\n\n\n\n<p>Sin embargo, su abogado, Vidulfo Rosales Sierra estuvo pendiente de los trabajos que la Comisi\u00f3n Especial para el Caso Iguala, as\u00ed como la Subsecretar\u00eda de Derechos Humanos de la Secretar\u00eda de Gobernaci\u00f3n realiz\u00f3 en las inmediaciones de Carrizalillo, en la zona minera de Eduardo Neri y en el municipio de Cocula.<\/p>\n\n\n\n<p>Los jefes de familia manifestaron este martes que hay un aval para que se realicen trabajos de b\u00fasqueda en diferentes puntos, aunque no pierden de vista las l\u00edneas de investigaci\u00f3n que sugiri\u00f3 el Grupo Interdisciplinario de Expertos Independientes (GIEI), que apuntan hacia el seguimiento de los tel\u00e9fonos celulares que les fueron despojados a varios normalistas la noche del 26 de septiembre de 2014, la participaci\u00f3n de personal del Ej\u00e9rcito Mexicano, el trasiego de droga como detonante para los ataques y lo aportado por las personas que fueron detenidas durante los primeros d\u00edas del hecho.<\/p>\n\n\n\n<p>El pr\u00f3ximo jueves 24, los padres de los 43 estar\u00e1n en la Ciudad de M\u00e9xico para reunirse con el presidente Andr\u00e9s Manuel L\u00f3pez Obrador, en dicha reuni\u00f3n seguramente habr\u00e1 un corte informativo respecto a los avances y esperan que se d\u00e9 a conocer lo encontrado en las \u00faltimas b\u00fasquedas.<\/p>\n","protected":false},"excerpt":{"rendered":"<p>&#8211; Los padres agraviados se reunir\u00e1n con AMLO Rogelio Agust\u00edn El pr\u00f3ximo jueves 24 de septiembre, los padres de los 43 recibir\u00e1n informaci\u00f3n respecto a las b\u00fasquedas que la Comisi\u00f3n&hellip; <\/p>\n","protected":false},"author":1,"featured_media":36816,"comment_status":"open","ping_status":"open","sticky":false,"template":"","format":"standard","meta":{"fifu_image_url":"","fifu_image_alt":"","footnotes":""},"categories":[15],"tags":[],"class_list":["post-36820","post","type-post","status-publish","format-standard","has-post-thumbnail","hentry","category-movimientos-sociales"],"_links":{"self":[{"href":"https:\/\/www.interaccionnoticias.com.mx\/index.php?rest_route=\/wp\/v2\/posts\/36820","targetHints":{"allow":["GET"]}}],"collection":[{"href":"https:\/\/www.interaccionnoticias.com.mx\/index.php?rest_route=\/wp\/v2\/posts"}],"about":[{"href":"https:\/\/www.interaccionnoticias.com.mx\/index.php?rest_route=\/wp\/v2\/types\/post"}],"author":[{"embeddable":true,"href":"https:\/\/www.interaccionnoticias.com.mx\/index.php?rest_route=\/wp\/v2\/users\/1"}],"replies":[{"embeddable":true,"href":"https:\/\/www.interaccionnoticias.com.mx\/index.php?rest_route=%2Fwp%2Fv2%2Fcomments&post=36820"}],"version-history":[{"count":0,"href":"https:\/\/www.interaccionnoticias.com.mx\/index.php?rest_route=\/wp\/v2\/posts\/36820\/revisions"}],"wp:featuredmedia":[{"embeddable":true,"href":"https:\/\/www.interaccionnoticias.com.mx\/index.php?rest_route=\/wp\/v2\/media\/36816"}],"wp:attachment":[{"href":"https:\/\/www.interaccionnoticias.com.mx\/index.php?rest_route=%2Fwp%2Fv2%2Fmedia&parent=36820"}],"wp:term":[{"taxonomy":"category","embeddable":true,"href":"https:\/\/www.interaccionnoticias.com.mx\/index.php?rest_route=%2Fwp%2Fv2%2Fcategories&post=36820"},{"taxonomy":"post_tag","embeddable":true,"href":"https:\/\/www.interaccionnoticias.com.mx\/index.php?rest_route=%2Fwp%2Fv2%2Ftags&post=36820"}],"curies":[{"name":"wp","href":"https:\/\/api.w.org\/{rel}","templated":true}]}}