{"id":36812,"date":"2021-09-21T18:19:01","date_gmt":"2021-09-21T23:19:01","guid":{"rendered":"http:\/\/www.inter-accion.com.mx\/?p=36812"},"modified":"2021-09-21T18:19:01","modified_gmt":"2021-09-21T23:19:01","slug":"36812","status":"publish","type":"post","link":"https:\/\/www.interaccionnoticias.com.mx\/?p=36812","title":{"rendered":"Padres de los 43 respaldan a la Normal Rural de Ayotzinapa"},"content":{"rendered":"\n<p><strong><em>&#8211; Quienes piden el cierre son miembros de la derecha, asegura vocero del colectivo<\/em><\/strong><\/p>\n\n\n\n<p><strong>Rogelio Agust\u00edn<\/strong><\/p>\n\n\n\n<p>Padres de los 43 manifestaron su respaldo a la Normal Rural de Ayotzinapa, ante la petici\u00f3n que se realiza en la plataforma Change.org, en el sentido de que se clausure y cierre definitivamente dicha instituci\u00f3n, no obstante, reconocieron la necesidad de que el accidente del 17 de septiembre se investigue y sancione a quien resulte responsable.<br \/>La jornada del martes 22 de septiembre, estudiantes de diferentes normales del pa\u00eds marcharon en la capital de Guerrero, encabezados por los integrantes del colectivo \u201cNos faltan 43\u201d, en el marco de la acci\u00f3n global que se impulsa para recordar el s\u00e9ptimo aniversario de los ataques registrados en el municipio de Iguala de la Independencia.<br \/>La protesta comenz\u00f3 en el lado norte de la ciudad, sobre la avenida Insurgentes y avanz\u00f3 hacia el sector sur, para llegar a la avenida L\u00e1zaro C\u00e1rdenas y realizar un mitin en el antimonumento a los 43.<br \/>Ah\u00ed, Ayotzinapa recibi\u00f3 el respaldo de la Federaci\u00f3n de Estudiantes Campesinos Socialistas de M\u00e9xico (FECSM), cuyos oradores hicieron un llamado al Gobierno de la Rep\u00fablica para que ya d\u00e9 a conocer resultados concretos en torno al caso Iguala.<br \/>La sociedad de alumnos Ricardo Flores Mag\u00f3n se\u00f1al\u00f3 que a tres a\u00f1os de distancia, el gobierno de Andr\u00e9s Manuel L\u00f3pez Obrador solo ha dado se\u00f1ales de buena voluntad en el discurso, pero en t\u00e9rminos reales, sus resultados han sido pobres y esa es la raz\u00f3n por la que se mantengan movilizados.<br \/>Manifestaron su solidaridad con las familias de las v\u00edctimas del accidente del 17 de septiembre, y reiteraron su disposici\u00f3n para colaborar con las investigaciones, para efecto de que se llegue a la verdad.<\/p>\n\n\n\n<p><strong>Petici\u00f3n del cierre, la m\u00e1s votada en Change.org<\/strong><\/p>\n\n\n\n<p>Hasta las 18:00 horas del martes, a 24 horas de haberse colocado en la plataforma Change.org, la petici\u00f3n de que la Normal Rural de Ayotzinapa sea clausurada y cerrada definitivamente registraba 16 mil 400 firmas de apoyo.<br \/>En la plataforma se indicaba que al llegar a las 25 mil firmas, dicha petici\u00f3n, dirigida al presidente de la Rep\u00fablica, Andr\u00e9s Manuel L\u00f3pez Obrador ser\u00e1 la de mayor participaci\u00f3n.<br \/>Entre los referentes que planteaban algunos participantes, es que cuando se pidi\u00f3 que el parque Veladero, en el puerto de Acapulco fuera declarada como reserva natural, en dos semanas apenas registraba 4 mil firmas de apoyo.<\/p>\n\n\n\n<p><strong>La derecha es la que pide el cierre<\/strong><\/p>\n\n\n\n<p>Durante el mitin y despu\u00e9s del mismo, Melit\u00f3n Ortega Carlos ratific\u00f3 el respaldo de los padres de los 43 a la comunidad estudiantil de la Normal Rural.<br \/>Dijo que a lo largo de muchos a\u00f1os, dicha instituci\u00f3n ha enfrentado una severa campa\u00f1a de desprestigio, de acciones que han querido cerrarla, de tal manera que la petici\u00f3n planteada en la plataforma digital no es nueva.<br \/>\u201cEsa es una postura de la derecha, nosotros lamentamos que haya un segmento de la sociedad que trae la consigna de acabar con la educaci\u00f3n p\u00fablica en el pa\u00eds, en especial las normales rurales, que sobreviven a pesar de los golpes que les han asestado\u201d.<br \/>M\u00e1s a\u00fan, dijo que los padres condenan dicha actitud, ya que se trata de ciudadanos que en realidad tienen una posici\u00f3n pol\u00edtica contraria a los movimientos sociales, que ahora pretenden confrontar a la sociedad.<br \/>Respecto al accidente del viernes 17, el padre de familia manifest\u00f3: \u201cNosotros creemos que no es culpa de los estudiantes, son muchos los alumnos de la Normal que han sido asesinados, m\u00e1s de diez y esa clase reducida de ciudadanos nunca han levantado la voz para reclamar justicia. Eso que pas\u00f3 no fue deliberado, hay un responsable y ya lo han dicho; que se haga la investigaci\u00f3n y est\u00e1n preparados para colaborar\u201d.<br \/>Indic\u00f3 que los padres de los 43 comparten el dolor que pasan las familias de las v\u00edctimas mortales del accidente, por esa raz\u00f3n es que comparten el planteamiento de la investigaci\u00f3n.<br \/>Sin embargo, reiter\u00f3 que tras la petici\u00f3n del cierre est\u00e1 un grupo partidario que pretende sacar partido del percance, el cual calific\u00f3 como lamentable.<\/p>\n","protected":false},"excerpt":{"rendered":"<p>&#8211; Quienes piden el cierre son miembros de la derecha, asegura vocero del colectivo Rogelio Agust\u00edn Padres de los 43 manifestaron su respaldo a la Normal Rural de Ayotzinapa, ante&hellip; <\/p>\n","protected":false},"author":1,"featured_media":36811,"comment_status":"open","ping_status":"open","sticky":false,"template":"","format":"standard","meta":{"fifu_image_url":"","fifu_image_alt":"","footnotes":""},"categories":[15],"tags":[],"class_list":["post-36812","post","type-post","status-publish","format-standard","has-post-thumbnail","hentry","category-movimientos-sociales"],"_links":{"self":[{"href":"https:\/\/www.interaccionnoticias.com.mx\/index.php?rest_route=\/wp\/v2\/posts\/36812","targetHints":{"allow":["GET"]}}],"collection":[{"href":"https:\/\/www.interaccionnoticias.com.mx\/index.php?rest_route=\/wp\/v2\/posts"}],"about":[{"href":"https:\/\/www.interaccionnoticias.com.mx\/index.php?rest_route=\/wp\/v2\/types\/post"}],"author":[{"embeddable":true,"href":"https:\/\/www.interaccionnoticias.com.mx\/index.php?rest_route=\/wp\/v2\/users\/1"}],"replies":[{"embeddable":true,"href":"https:\/\/www.interaccionnoticias.com.mx\/index.php?rest_route=%2Fwp%2Fv2%2Fcomments&post=36812"}],"version-history":[{"count":0,"href":"https:\/\/www.interaccionnoticias.com.mx\/index.php?rest_route=\/wp\/v2\/posts\/36812\/revisions"}],"wp:featuredmedia":[{"embeddable":true,"href":"https:\/\/www.interaccionnoticias.com.mx\/index.php?rest_route=\/wp\/v2\/media\/36811"}],"wp:attachment":[{"href":"https:\/\/www.interaccionnoticias.com.mx\/index.php?rest_route=%2Fwp%2Fv2%2Fmedia&parent=36812"}],"wp:term":[{"taxonomy":"category","embeddable":true,"href":"https:\/\/www.interaccionnoticias.com.mx\/index.php?rest_route=%2Fwp%2Fv2%2Fcategories&post=36812"},{"taxonomy":"post_tag","embeddable":true,"href":"https:\/\/www.interaccionnoticias.com.mx\/index.php?rest_route=%2Fwp%2Fv2%2Ftags&post=36812"}],"curies":[{"name":"wp","href":"https:\/\/api.w.org\/{rel}","templated":true}]}}