{"id":36747,"date":"2021-09-20T18:14:06","date_gmt":"2021-09-20T23:14:06","guid":{"rendered":"http:\/\/www.inter-accion.com.mx\/?p=36747"},"modified":"2021-09-20T18:14:06","modified_gmt":"2021-09-20T23:14:06","slug":"36747","status":"publish","type":"post","link":"https:\/\/www.interaccionnoticias.com.mx\/?p=36747","title":{"rendered":"PRD pide a la Normal de Ayotzinapa replantear sus mecanismos de lucha"},"content":{"rendered":"\n<p><strong><em>&#8211; Para evitar situaciones de riesgo para la poblaci\u00f3n y ellos mismos<\/em><\/strong><\/p>\n\n\n\n<p><strong>Rogelio Agust\u00edn<\/strong><\/p>\n\n\n\n<p>El presidente de la Junta de Coordinaci\u00f3n Pol\u00edtica (Jucopo) del Congreso local, Alfredo S\u00e1nchez Esquivel se pronunci\u00f3 en contra del cierre de la Normal Rural de Ayotzinapa, aunque reconoci\u00f3 que los desmanes cometidos por algunos alumnos deben investigarse y sancionarse, para que no haya impunidad.<\/p>\n\n\n\n<p>La semana pasada, el presidente del Comit\u00e9 Ejecutivo Estatal (CEE) del PRD, Alberto Catal\u00e1n Bastida present\u00f3 una denuncia penal en contra de quien resulte responsable, por los da\u00f1os que un grupo de normalistas rurales cometieron en el edificio ubicado en el n\u00famero 80 de la avenida Miguel Alem\u00e1n, en el centro de Chilpancingo.<\/p>\n\n\n\n<p>Los normalistas causaron destrozos, en reproche a la reuni\u00f3n que la dirigencia del sol azteca, su fracci\u00f3n parlamentaria y el exgobernador \u00c1ngel Aguirre Rivero sostuvieron con la gobernadora electa, Evelyn Salgado Pineda.<\/p>\n\n\n\n<p>Tras el accidente del viernes 17 de septiembre, que deriv\u00f3 en la muerte de dos personas, el dirigente estatal del partido amarillo sostuvo que la comunidad estudiantil de Ayotzinapa debe modificar su esquema de lucha, por lo desgastante que resulta.<\/p>\n\n\n\n<p>\u201cNosotros no estamos de acuerdo en esa forma en la que se ha utilizado la tragedia del 26 de septiembre en Iguala, nosotros como partido de izquierda, como impulsores de movimientos sociales siempre lo hemos hecho con mucha responsabilidad, pero hoy creo que se ha desdibujado todo el objetivo y ya no solo son marchas, ya no solo realizan pintas, ya no solo hay reclamos sociales, sino que irrumpen en instituciones con la consigan de causar da\u00f1os, sin tomar en cuenta que pueden llegar a provocar da\u00f1os a personas, por la imprudencia con la que muchas veces llegan a manejarse\u201d, anot\u00f3.<\/p>\n\n\n\n<p>Indic\u00f3: \u201cHay que decirlo, ponen en riesgo su vida y la de los dem\u00e1s porque lanzan cohetones, bombas molotov, provocan incendios y ponen en riesgo la vida de las personas que estuvieran en alguno de esos espacios, desgraciadamente este fin de semana se registr\u00f3 un accidente y dos personas perdieron la vida, m\u00e1s all\u00e1 de se\u00f1alar culpables tiene que ver con las consecuencias de estar constantemente en las carreteras, robando camiones, tomando casetas y robando combustible\u201d.<\/p>\n\n\n\n<p>De hecho, se\u00f1al\u00f3 que en las \u00faltimas protestas, se ha dado cuenta de algunos altercados que los estudiantes han llegado a sostener con turistas que no tienen el contexto de su movimiento, los que al ver los caminos cerrados van y los increpan, generando el riesgo de alguna confrontaci\u00f3n f\u00edsica.<\/p>\n","protected":false},"excerpt":{"rendered":"<p>&#8211; Para evitar situaciones de riesgo para la poblaci\u00f3n y ellos mismos Rogelio Agust\u00edn El presidente de la Junta de Coordinaci\u00f3n Pol\u00edtica (Jucopo) del Congreso local, Alfredo S\u00e1nchez Esquivel se&hellip; <\/p>\n","protected":false},"author":1,"featured_media":36748,"comment_status":"open","ping_status":"open","sticky":false,"template":"","format":"standard","meta":{"fifu_image_url":"","fifu_image_alt":"","footnotes":""},"categories":[15],"tags":[],"class_list":["post-36747","post","type-post","status-publish","format-standard","has-post-thumbnail","hentry","category-movimientos-sociales"],"_links":{"self":[{"href":"https:\/\/www.interaccionnoticias.com.mx\/index.php?rest_route=\/wp\/v2\/posts\/36747","targetHints":{"allow":["GET"]}}],"collection":[{"href":"https:\/\/www.interaccionnoticias.com.mx\/index.php?rest_route=\/wp\/v2\/posts"}],"about":[{"href":"https:\/\/www.interaccionnoticias.com.mx\/index.php?rest_route=\/wp\/v2\/types\/post"}],"author":[{"embeddable":true,"href":"https:\/\/www.interaccionnoticias.com.mx\/index.php?rest_route=\/wp\/v2\/users\/1"}],"replies":[{"embeddable":true,"href":"https:\/\/www.interaccionnoticias.com.mx\/index.php?rest_route=%2Fwp%2Fv2%2Fcomments&post=36747"}],"version-history":[{"count":0,"href":"https:\/\/www.interaccionnoticias.com.mx\/index.php?rest_route=\/wp\/v2\/posts\/36747\/revisions"}],"wp:featuredmedia":[{"embeddable":true,"href":"https:\/\/www.interaccionnoticias.com.mx\/index.php?rest_route=\/wp\/v2\/media\/36748"}],"wp:attachment":[{"href":"https:\/\/www.interaccionnoticias.com.mx\/index.php?rest_route=%2Fwp%2Fv2%2Fmedia&parent=36747"}],"wp:term":[{"taxonomy":"category","embeddable":true,"href":"https:\/\/www.interaccionnoticias.com.mx\/index.php?rest_route=%2Fwp%2Fv2%2Fcategories&post=36747"},{"taxonomy":"post_tag","embeddable":true,"href":"https:\/\/www.interaccionnoticias.com.mx\/index.php?rest_route=%2Fwp%2Fv2%2Ftags&post=36747"}],"curies":[{"name":"wp","href":"https:\/\/api.w.org\/{rel}","templated":true}]}}